{"id":1146,"date":"2025-04-27T17:41:37","date_gmt":"2025-04-27T16:41:37","guid":{"rendered":"https:\/\/balaguergutierrez.es\/?p=1146"},"modified":"2025-07-22T09:28:39","modified_gmt":"2025-07-22T08:28:39","slug":"seguro-obligatorio-patinete-electrico-palma","status":"publish","type":"post","link":"https:\/\/balaguergutierrez.es\/index.php\/2025\/04\/27\/seguro-obligatorio-patinete-electrico-palma\/","title":{"rendered":"Movilidad personal en Palma: Ahora m\u00e1s segura\u2026 y asegurada"},"content":{"rendered":"\n<figure class=\"wp-block-image size-full is-resized is-style-rounded\"><img loading=\"lazy\" decoding=\"async\" width=\"1024\" height=\"1024\" sizes=\"auto, (max-width: 1024px) 100vw, 1024px\" src=\"https:\/\/balaguergutierrez.es\/wp-content\/uploads\/2025\/04\/ChatGPT-Image-27-abr-2025-18_33_15.webp\" alt=\"Usuarios de patinete el\u00e9ctrico en Palma de Mallorca con casco y chaleco reflectante, circulando por un carril bici junto a un asesor de seguros\" class=\"wp-image-1147\" style=\"object-fit:cover;width:700px;height:200px\"\/><figcaption class=\"wp-element-caption\">Mu\u00e9vete seguro por Palma: asegura tu patinete el\u00e9ctrico con Balaguer &amp; Guti\u00e9rrez.<\/figcaption><\/figure>\n\n\n\n<p>La movilidad urbana en Palma est\u00e1 cambiando, y t\u00fa tambi\u00e9n debes adaptarte. Con la reciente aprobaci\u00f3n de la <strong>nueva Ordenanza de Convivencia C\u00edvica<\/strong>, el <strong>Ayuntamiento de Palma<\/strong> establece <strong>nuevas obligaciones<\/strong> para los usuarios de <strong>veh\u00edculos de movilidad personal (VMP)<\/strong>, como los patinetes el\u00e9ctricos.<\/p>\n\n\n\n<p>Una de las principales novedades es que, a partir de mayo de 2025, <strong>ser\u00e1 obligatorio contratar un seguro de Responsabilidad Civil<\/strong>.<\/p>\n\n\n\n<h2 class=\"wp-block-heading\"><strong>\u00bfQu\u00e9 cambia con la nueva normativa?<\/strong><\/h2>\n\n\n\n<ul class=\"wp-block-list\">\n<li><strong>Seguro de Responsabilidad Civil obligatorio:<\/strong><br>Todos los usuarios de patinetes el\u00e9ctricos deber\u00e1n disponer de una p\u00f3liza que cubra, como m\u00ednimo, <strong>120.000 euros<\/strong> en caso de da\u00f1os a terceros.<\/li>\n\n\n\n<li><strong>Uso obligatorio de casco homologado y chaleco reflectante<\/strong> para mejorar la seguridad y la visibilidad.<\/li>\n\n\n\n<li><strong>Restricci\u00f3n de circulaci\u00f3n:<\/strong>\n<ul class=\"wp-block-list\">\n<li>Prohibido circular por aceras, plazas y jardines.<\/li>\n\n\n\n<li>Permitido en calzadas limitadas a 30 km\/h y en carriles bici, respetando las velocidades establecidas.<\/li>\n<\/ul>\n<\/li>\n\n\n\n<li><strong>Edad m\u00ednima:<\/strong> 16 a\u00f1os, o 15 a\u00f1os con permiso de conducci\u00f3n AM.<\/li>\n<\/ul>\n\n\n\n<p>El incumplimiento de estas obligaciones puede suponer <strong>multas de hasta 600 euros<\/strong> e incluso la <strong>inmovilizaci\u00f3n del veh\u00edculo<\/strong>.<\/p>\n\n\n\n<h2 class=\"wp-block-heading\"><strong>\u00bfQu\u00e9 te ofrecemos en Balaguer &amp; Guti\u00e9rrez?<\/strong><\/h2>\n\n\n\n<p>En <strong>Balaguer &amp; Guti\u00e9rrez Corredur\u00eda de Seguros<\/strong>, sabemos que tu movilidad es importante, pero <strong>tu tranquilidad a\u00fan m\u00e1s<\/strong>.<br>Por eso, ponemos a tu disposici\u00f3n <strong>seguros de Responsabilidad Civil adaptados<\/strong> a los nuevos requisitos de la ordenanza municipal:<\/p>\n\n\n\n<p>\u2705 <strong>Cobertura m\u00ednima garantizada de 120.000 \u20ac<\/strong>, tal y como exige la normativa.<br>\u2705 <strong>P\u00f3lizas econ\u00f3micas y flexibles<\/strong>, ajustadas a tu tipo de patinete o VMP.<br>\u2705 <strong>Asesoramiento personalizado:<\/strong> te ayudamos a entender tu p\u00f3liza y te acompa\u00f1amos en todo el proceso.<br>\u2705 <strong>Gesti\u00f3n r\u00e1pida y sin complicaciones<\/strong>, para que puedas cumplir la ley y seguir movi\u00e9ndote con total tranquilidad.<\/p>\n\n\n\n<p><strong>Olv\u00eddate de contratar seguros gen\u00e9ricos en bancos o plataformas autom\u00e1ticas.<\/strong><br>Un VMP necesita una protecci\u00f3n a medida, y <strong>solo un Corredor de Seguros<\/strong> puede garantizarte la mejor cobertura, con independencia, experiencia y cercan\u00eda.<\/p>\n\n\n\n<h2 class=\"wp-block-heading\"><strong>Mu\u00e9vete seguro. Mu\u00e9vete con Balaguer &amp; Guti\u00e9rrez.<\/strong><\/h2>\n\n\n\n<p>No esperes a recibir una multa ni a verte envuelto en un problema legal.<br><strong>Contacta hoy mismo con nosotros<\/strong> y te ayudaremos a contratar el seguro de responsabilidad civil que necesitas para circular sin preocupaciones por Palma.<\/p>\n\n\n\n<p>\ud83d\ude80 <strong>\u00bfTu patinete el\u00e9ctrico ya est\u00e1 asegurado?<\/strong><\/p>\n\n\n\n<p>\u00a1No arriesgues tu movilidad ni tu bolsillo!<br><strong>En Balaguer &amp; Guti\u00e9rrez te conseguimos tu seguro de responsabilidad civil en menos de 24 horas.<\/strong><br>\ud83d\udc49 <a href=\"https:\/\/forms.office.com\/e\/Jq57g7NTpZ\" target=\"_blank\" rel=\"noreferrer noopener\">Contacta con nosotros<\/a> y circula seguro por Palma.<\/p>\n","protected":false},"excerpt":{"rendered":"<p>La movilidad urbana en Palma est\u00e1 cambiando, y t\u00fa tambi\u00e9n debes adaptarte. Con la reciente aprobaci\u00f3n de la nueva Ordenanza de Convivencia C\u00edvica, el Ayuntamiento de Palma establece nuevas obligaciones para los usuarios de veh\u00edculos de movilidad personal (VMP), como<\/p>\n","protected":false},"author":1,"featured_media":1147,"comment_status":"closed","ping_status":"closed","sticky":false,"template":"","format":"standard","meta":{"footnotes":""},"categories":[43],"tags":[87,90,88,89],"class_list":["post-1146","post","type-post","status-publish","format-standard","has-post-thumbnail","hentry","category-seguro-de-patinete","tag-nueva-ordenanza-patinetes-palma","tag-seguro-obligatorio-movilidad-personal","tag-seguro-responsabilidad-civil-patinete-palma","tag-seguro-vmp-palma","","tg-column-third"],"yoast_head":"<!-- This site is optimized with the Yoast SEO plugin v27.4 - https:\/\/yoast.com\/product\/yoast-seo-wordpress\/ -->\n<title>balaguergutierrez.es Movilidad personal en Palma: Ahora m\u00e1s segura\u2026 y asegurada Seguro de Patinete \/ VMP<\/title>\n<meta name=\"description\" content=\"\u00bfSab\u00edas que el seguro de responsabilidad civil ser\u00e1 obligatorio para patinetes el\u00e9ctricos en Palma? En Balaguer &amp; Guti\u00e9rrez te ayudamos a cumplir la nueva normativa. \u00a1Inf\u00f3rmate ya!\" \/>\n<meta name=\"robots\" content=\"index, follow, max-snippet:-1, max-image-preview:large, max-video-preview:-1\" \/>\n<link rel=\"canonical\" href=\"https:\/\/balaguergutierrez.es\/index.php\/2025\/04\/27\/seguro-obligatorio-patinete-electrico-palma\/\" \/>\n<meta property=\"og:locale\" content=\"es_ES\" \/>\n<meta property=\"og:type\" content=\"article\" \/>\n<meta property=\"og:title\" content=\"balaguergutierrez.es Movilidad personal en Palma: Ahora m\u00e1s segura\u2026 y asegurada Seguro de Patinete \/ VMP\" \/>\n<meta property=\"og:description\" content=\"\u00bfSab\u00edas que el seguro de responsabilidad civil ser\u00e1 obligatorio para patinetes el\u00e9ctricos en Palma? En Balaguer &amp; Guti\u00e9rrez te ayudamos a cumplir la nueva normativa. \u00a1Inf\u00f3rmate ya!\" \/>\n<meta property=\"og:url\" content=\"https:\/\/balaguergutierrez.es\/index.php\/2025\/04\/27\/seguro-obligatorio-patinete-electrico-palma\/\" \/>\n<meta property=\"og:site_name\" content=\"balaguergutierrez.es\" \/>\n<meta property=\"article:publisher\" content=\"https:\/\/www.facebook.com\/balaguergutierrezcs\/\" \/>\n<meta property=\"article:published_time\" content=\"2025-04-27T16:41:37+00:00\" \/>\n<meta property=\"article:modified_time\" content=\"2025-07-22T08:28:39+00:00\" \/>\n<meta property=\"og:image\" content=\"https:\/\/balaguergutierrez.es\/wp-content\/uploads\/2025\/04\/ChatGPT-Image-27-abr-2025-18_33_15.webp\" \/>\n\t<meta property=\"og:image:width\" content=\"1024\" \/>\n\t<meta property=\"og:image:height\" content=\"1024\" \/>\n\t<meta property=\"og:image:type\" content=\"image\/png\" \/>\n<meta name=\"author\" content=\"Balaguer guti\u00e9rrez\" \/>\n<meta name=\"twitter:label1\" content=\"Escrito por\" \/>\n\t<meta name=\"twitter:data1\" content=\"Balaguer guti\u00e9rrez\" \/>\n\t<meta name=\"twitter:label2\" content=\"Tiempo de lectura\" \/>\n\t<meta name=\"twitter:data2\" content=\"3 minutos\" \/>\n<script type=\"application\/ld+json\" class=\"yoast-schema-graph\">{\"@context\":\"https:\\\/\\\/schema.org\",\"@graph\":[{\"@type\":\"Article\",\"@id\":\"https:\\\/\\\/balaguergutierrez.es\\\/index.php\\\/2025\\\/04\\\/27\\\/seguro-obligatorio-patinete-electrico-palma\\\/#article\",\"isPartOf\":{\"@id\":\"https:\\\/\\\/balaguergutierrez.es\\\/index.php\\\/2025\\\/04\\\/27\\\/seguro-obligatorio-patinete-electrico-palma\\\/\"},\"author\":{\"name\":\"Balaguer guti\u00e9rrez\",\"@id\":\"https:\\\/\\\/balaguergutierrez.es\\\/#\\\/schema\\\/person\\\/d9f10607ee7f5a76d713b12c59e16f06\"},\"headline\":\"Movilidad personal en Palma: Ahora m\u00e1s segura\u2026 y asegurada\",\"datePublished\":\"2025-04-27T16:41:37+00:00\",\"dateModified\":\"2025-07-22T08:28:39+00:00\",\"mainEntityOfPage\":{\"@id\":\"https:\\\/\\\/balaguergutierrez.es\\\/index.php\\\/2025\\\/04\\\/27\\\/seguro-obligatorio-patinete-electrico-palma\\\/\"},\"wordCount\":441,\"publisher\":{\"@id\":\"https:\\\/\\\/balaguergutierrez.es\\\/#organization\"},\"image\":{\"@id\":\"https:\\\/\\\/balaguergutierrez.es\\\/index.php\\\/2025\\\/04\\\/27\\\/seguro-obligatorio-patinete-electrico-palma\\\/#primaryimage\"},\"thumbnailUrl\":\"https:\\\/\\\/balaguergutierrez.es\\\/wp-content\\\/uploads\\\/2025\\\/04\\\/ChatGPT-Image-27-abr-2025-18_33_15.webp\",\"keywords\":[\"nueva ordenanza patinetes Palma\",\"seguro obligatorio movilidad personal\",\"seguro responsabilidad civil patinete palma\",\"seguro VMP Palma\"],\"articleSection\":[\"Seguro de Patinete \\\/ VMP\"],\"inLanguage\":\"es\"},{\"@type\":\"WebPage\",\"@id\":\"https:\\\/\\\/balaguergutierrez.es\\\/index.php\\\/2025\\\/04\\\/27\\\/seguro-obligatorio-patinete-electrico-palma\\\/\",\"url\":\"https:\\\/\\\/balaguergutierrez.es\\\/index.php\\\/2025\\\/04\\\/27\\\/seguro-obligatorio-patinete-electrico-palma\\\/\",\"name\":\"balaguergutierrez.es Movilidad personal en Palma: Ahora m\u00e1s segura\u2026 y asegurada Seguro de Patinete \\\/ VMP\",\"isPartOf\":{\"@id\":\"https:\\\/\\\/balaguergutierrez.es\\\/#website\"},\"primaryImageOfPage\":{\"@id\":\"https:\\\/\\\/balaguergutierrez.es\\\/index.php\\\/2025\\\/04\\\/27\\\/seguro-obligatorio-patinete-electrico-palma\\\/#primaryimage\"},\"image\":{\"@id\":\"https:\\\/\\\/balaguergutierrez.es\\\/index.php\\\/2025\\\/04\\\/27\\\/seguro-obligatorio-patinete-electrico-palma\\\/#primaryimage\"},\"thumbnailUrl\":\"https:\\\/\\\/balaguergutierrez.es\\\/wp-content\\\/uploads\\\/2025\\\/04\\\/ChatGPT-Image-27-abr-2025-18_33_15.webp\",\"datePublished\":\"2025-04-27T16:41:37+00:00\",\"dateModified\":\"2025-07-22T08:28:39+00:00\",\"description\":\"\u00bfSab\u00edas que el seguro de responsabilidad civil ser\u00e1 obligatorio para patinetes el\u00e9ctricos en Palma? En Balaguer & Guti\u00e9rrez te ayudamos a cumplir la nueva normativa. \u00a1Inf\u00f3rmate ya!\",\"breadcrumb\":{\"@id\":\"https:\\\/\\\/balaguergutierrez.es\\\/index.php\\\/2025\\\/04\\\/27\\\/seguro-obligatorio-patinete-electrico-palma\\\/#breadcrumb\"},\"inLanguage\":\"es\",\"potentialAction\":[{\"@type\":\"ReadAction\",\"target\":[\"https:\\\/\\\/balaguergutierrez.es\\\/index.php\\\/2025\\\/04\\\/27\\\/seguro-obligatorio-patinete-electrico-palma\\\/\"]}]},{\"@type\":\"ImageObject\",\"inLanguage\":\"es\",\"@id\":\"https:\\\/\\\/balaguergutierrez.es\\\/index.php\\\/2025\\\/04\\\/27\\\/seguro-obligatorio-patinete-electrico-palma\\\/#primaryimage\",\"url\":\"https:\\\/\\\/balaguergutierrez.es\\\/wp-content\\\/uploads\\\/2025\\\/04\\\/ChatGPT-Image-27-abr-2025-18_33_15.webp\",\"contentUrl\":\"https:\\\/\\\/balaguergutierrez.es\\\/wp-content\\\/uploads\\\/2025\\\/04\\\/ChatGPT-Image-27-abr-2025-18_33_15.webp\",\"width\":1024,\"height\":1024,\"caption\":\"Mu\u00e9vete seguro por Palma: asegura tu patinete el\u00e9ctrico con Balaguer & Guti\u00e9rrez.\"},{\"@type\":\"BreadcrumbList\",\"@id\":\"https:\\\/\\\/balaguergutierrez.es\\\/index.php\\\/2025\\\/04\\\/27\\\/seguro-obligatorio-patinete-electrico-palma\\\/#breadcrumb\",\"itemListElement\":[{\"@type\":\"ListItem\",\"position\":1,\"name\":\"Portada\",\"item\":\"https:\\\/\\\/balaguergutierrez.es\\\/\"},{\"@type\":\"ListItem\",\"position\":2,\"name\":\"Movilidad personal en Palma: Ahora m\u00e1s segura\u2026 y asegurada\"}]},{\"@type\":\"WebSite\",\"@id\":\"https:\\\/\\\/balaguergutierrez.es\\\/#website\",\"url\":\"https:\\\/\\\/balaguergutierrez.es\\\/\",\"name\":\"Balaguer & Guti\u00e9rrez, Corredur\u00eda de Seguros\",\"description\":\"Aseguramos lo que de verdad importa\",\"publisher\":{\"@id\":\"https:\\\/\\\/balaguergutierrez.es\\\/#organization\"},\"potentialAction\":[{\"@type\":\"SearchAction\",\"target\":{\"@type\":\"EntryPoint\",\"urlTemplate\":\"https:\\\/\\\/balaguergutierrez.es\\\/?s={search_term_string}\"},\"query-input\":{\"@type\":\"PropertyValueSpecification\",\"valueRequired\":true,\"valueName\":\"search_term_string\"}}],\"inLanguage\":\"es\"},{\"@type\":\"Organization\",\"@id\":\"https:\\\/\\\/balaguergutierrez.es\\\/#organization\",\"name\":\"Balaguer & Guti\u00e9rrez SL\",\"url\":\"https:\\\/\\\/balaguergutierrez.es\\\/\",\"logo\":{\"@type\":\"ImageObject\",\"inLanguage\":\"es\",\"@id\":\"https:\\\/\\\/balaguergutierrez.es\\\/#\\\/schema\\\/logo\\\/image\\\/\",\"url\":\"https:\\\/\\\/balaguergutierrez.es\\\/wp-content\\\/uploads\\\/2023\\\/03\\\/bg2014-Personalizado-1.png\",\"contentUrl\":\"https:\\\/\\\/balaguergutierrez.es\\\/wp-content\\\/uploads\\\/2023\\\/03\\\/bg2014-Personalizado-1.png\",\"width\":300,\"height\":56,\"caption\":\"Balaguer & Guti\u00e9rrez SL\"},\"image\":{\"@id\":\"https:\\\/\\\/balaguergutierrez.es\\\/#\\\/schema\\\/logo\\\/image\\\/\"},\"sameAs\":[\"https:\\\/\\\/www.facebook.com\\\/balaguergutierrezcs\\\/\",\"https:\\\/\\\/www.instagram.com\\\/balaguergutierrezsl\\\/\"]},{\"@type\":\"Person\",\"@id\":\"https:\\\/\\\/balaguergutierrez.es\\\/#\\\/schema\\\/person\\\/d9f10607ee7f5a76d713b12c59e16f06\",\"name\":\"Balaguer guti\u00e9rrez\",\"sameAs\":[\"https:\\\/\\\/balaguergutierrez.es\"],\"url\":\"https:\\\/\\\/balaguergutierrez.es\\\/index.php\\\/author\\\/root_jz69qmt7\\\/\"}]}<\/script>\n<!-- \/ Yoast SEO plugin. -->","yoast_head_json":{"title":"balaguergutierrez.es Movilidad personal en Palma: Ahora m\u00e1s segura\u2026 y asegurada Seguro de Patinete \/ VMP","description":"\u00bfSab\u00edas que el seguro de responsabilidad civil ser\u00e1 obligatorio para patinetes el\u00e9ctricos en Palma? En Balaguer & Guti\u00e9rrez te ayudamos a cumplir la nueva normativa. \u00a1Inf\u00f3rmate ya!","robots":{"index":"index","follow":"follow","max-snippet":"max-snippet:-1","max-image-preview":"max-image-preview:large","max-video-preview":"max-video-preview:-1"},"canonical":"https:\/\/balaguergutierrez.es\/index.php\/2025\/04\/27\/seguro-obligatorio-patinete-electrico-palma\/","og_locale":"es_ES","og_type":"article","og_title":"balaguergutierrez.es Movilidad personal en Palma: Ahora m\u00e1s segura\u2026 y asegurada Seguro de Patinete \/ VMP","og_description":"\u00bfSab\u00edas que el seguro de responsabilidad civil ser\u00e1 obligatorio para patinetes el\u00e9ctricos en Palma? En Balaguer & Guti\u00e9rrez te ayudamos a cumplir la nueva normativa. \u00a1Inf\u00f3rmate ya!","og_url":"https:\/\/balaguergutierrez.es\/index.php\/2025\/04\/27\/seguro-obligatorio-patinete-electrico-palma\/","og_site_name":"balaguergutierrez.es","article_publisher":"https:\/\/www.facebook.com\/balaguergutierrezcs\/","article_published_time":"2025-04-27T16:41:37+00:00","article_modified_time":"2025-07-22T08:28:39+00:00","og_image":[{"width":1024,"height":1024,"url":"https:\/\/balaguergutierrez.es\/wp-content\/uploads\/2025\/04\/ChatGPT-Image-27-abr-2025-18_33_15.webp","type":"image\/png"}],"author":"Balaguer guti\u00e9rrez","twitter_misc":{"Escrito por":"Balaguer guti\u00e9rrez","Tiempo de lectura":"3 minutos"},"schema":{"@context":"https:\/\/schema.org","@graph":[{"@type":"Article","@id":"https:\/\/balaguergutierrez.es\/index.php\/2025\/04\/27\/seguro-obligatorio-patinete-electrico-palma\/#article","isPartOf":{"@id":"https:\/\/balaguergutierrez.es\/index.php\/2025\/04\/27\/seguro-obligatorio-patinete-electrico-palma\/"},"author":{"name":"Balaguer guti\u00e9rrez","@id":"https:\/\/balaguergutierrez.es\/#\/schema\/person\/d9f10607ee7f5a76d713b12c59e16f06"},"headline":"Movilidad personal en Palma: Ahora m\u00e1s segura\u2026 y asegurada","datePublished":"2025-04-27T16:41:37+00:00","dateModified":"2025-07-22T08:28:39+00:00","mainEntityOfPage":{"@id":"https:\/\/balaguergutierrez.es\/index.php\/2025\/04\/27\/seguro-obligatorio-patinete-electrico-palma\/"},"wordCount":441,"publisher":{"@id":"https:\/\/balaguergutierrez.es\/#organization"},"image":{"@id":"https:\/\/balaguergutierrez.es\/index.php\/2025\/04\/27\/seguro-obligatorio-patinete-electrico-palma\/#primaryimage"},"thumbnailUrl":"https:\/\/balaguergutierrez.es\/wp-content\/uploads\/2025\/04\/ChatGPT-Image-27-abr-2025-18_33_15.webp","keywords":["nueva ordenanza patinetes Palma","seguro obligatorio movilidad personal","seguro responsabilidad civil patinete palma","seguro VMP Palma"],"articleSection":["Seguro de Patinete \/ VMP"],"inLanguage":"es"},{"@type":"WebPage","@id":"https:\/\/balaguergutierrez.es\/index.php\/2025\/04\/27\/seguro-obligatorio-patinete-electrico-palma\/","url":"https:\/\/balaguergutierrez.es\/index.php\/2025\/04\/27\/seguro-obligatorio-patinete-electrico-palma\/","name":"balaguergutierrez.es Movilidad personal en Palma: Ahora m\u00e1s segura\u2026 y asegurada Seguro de Patinete \/ VMP","isPartOf":{"@id":"https:\/\/balaguergutierrez.es\/#website"},"primaryImageOfPage":{"@id":"https:\/\/balaguergutierrez.es\/index.php\/2025\/04\/27\/seguro-obligatorio-patinete-electrico-palma\/#primaryimage"},"image":{"@id":"https:\/\/balaguergutierrez.es\/index.php\/2025\/04\/27\/seguro-obligatorio-patinete-electrico-palma\/#primaryimage"},"thumbnailUrl":"https:\/\/balaguergutierrez.es\/wp-content\/uploads\/2025\/04\/ChatGPT-Image-27-abr-2025-18_33_15.webp","datePublished":"2025-04-27T16:41:37+00:00","dateModified":"2025-07-22T08:28:39+00:00","description":"\u00bfSab\u00edas que el seguro de responsabilidad civil ser\u00e1 obligatorio para patinetes el\u00e9ctricos en Palma? En Balaguer & Guti\u00e9rrez te ayudamos a cumplir la nueva normativa. \u00a1Inf\u00f3rmate ya!","breadcrumb":{"@id":"https:\/\/balaguergutierrez.es\/index.php\/2025\/04\/27\/seguro-obligatorio-patinete-electrico-palma\/#breadcrumb"},"inLanguage":"es","potentialAction":[{"@type":"ReadAction","target":["https:\/\/balaguergutierrez.es\/index.php\/2025\/04\/27\/seguro-obligatorio-patinete-electrico-palma\/"]}]},{"@type":"ImageObject","inLanguage":"es","@id":"https:\/\/balaguergutierrez.es\/index.php\/2025\/04\/27\/seguro-obligatorio-patinete-electrico-palma\/#primaryimage","url":"https:\/\/balaguergutierrez.es\/wp-content\/uploads\/2025\/04\/ChatGPT-Image-27-abr-2025-18_33_15.webp","contentUrl":"https:\/\/balaguergutierrez.es\/wp-content\/uploads\/2025\/04\/ChatGPT-Image-27-abr-2025-18_33_15.webp","width":1024,"height":1024,"caption":"Mu\u00e9vete seguro por Palma: asegura tu patinete el\u00e9ctrico con Balaguer & Guti\u00e9rrez."},{"@type":"BreadcrumbList","@id":"https:\/\/balaguergutierrez.es\/index.php\/2025\/04\/27\/seguro-obligatorio-patinete-electrico-palma\/#breadcrumb","itemListElement":[{"@type":"ListItem","position":1,"name":"Portada","item":"https:\/\/balaguergutierrez.es\/"},{"@type":"ListItem","position":2,"name":"Movilidad personal en Palma: Ahora m\u00e1s segura\u2026 y asegurada"}]},{"@type":"WebSite","@id":"https:\/\/balaguergutierrez.es\/#website","url":"https:\/\/balaguergutierrez.es\/","name":"Balaguer & Guti\u00e9rrez, Corredur\u00eda de Seguros","description":"Aseguramos lo que de verdad importa","publisher":{"@id":"https:\/\/balaguergutierrez.es\/#organization"},"potentialAction":[{"@type":"SearchAction","target":{"@type":"EntryPoint","urlTemplate":"https:\/\/balaguergutierrez.es\/?s={search_term_string}"},"query-input":{"@type":"PropertyValueSpecification","valueRequired":true,"valueName":"search_term_string"}}],"inLanguage":"es"},{"@type":"Organization","@id":"https:\/\/balaguergutierrez.es\/#organization","name":"Balaguer & Guti\u00e9rrez SL","url":"https:\/\/balaguergutierrez.es\/","logo":{"@type":"ImageObject","inLanguage":"es","@id":"https:\/\/balaguergutierrez.es\/#\/schema\/logo\/image\/","url":"https:\/\/balaguergutierrez.es\/wp-content\/uploads\/2023\/03\/bg2014-Personalizado-1.png","contentUrl":"https:\/\/balaguergutierrez.es\/wp-content\/uploads\/2023\/03\/bg2014-Personalizado-1.png","width":300,"height":56,"caption":"Balaguer & Guti\u00e9rrez SL"},"image":{"@id":"https:\/\/balaguergutierrez.es\/#\/schema\/logo\/image\/"},"sameAs":["https:\/\/www.facebook.com\/balaguergutierrezcs\/","https:\/\/www.instagram.com\/balaguergutierrezsl\/"]},{"@type":"Person","@id":"https:\/\/balaguergutierrez.es\/#\/schema\/person\/d9f10607ee7f5a76d713b12c59e16f06","name":"Balaguer guti\u00e9rrez","sameAs":["https:\/\/balaguergutierrez.es"],"url":"https:\/\/balaguergutierrez.es\/index.php\/author\/root_jz69qmt7\/"}]}},"_links":{"self":[{"href":"https:\/\/balaguergutierrez.es\/index.php\/wp-json\/wp\/v2\/posts\/1146","targetHints":{"allow":["GET"]}}],"collection":[{"href":"https:\/\/balaguergutierrez.es\/index.php\/wp-json\/wp\/v2\/posts"}],"about":[{"href":"https:\/\/balaguergutierrez.es\/index.php\/wp-json\/wp\/v2\/types\/post"}],"author":[{"embeddable":true,"href":"https:\/\/balaguergutierrez.es\/index.php\/wp-json\/wp\/v2\/users\/1"}],"replies":[{"embeddable":true,"href":"https:\/\/balaguergutierrez.es\/index.php\/wp-json\/wp\/v2\/comments?post=1146"}],"version-history":[{"count":5,"href":"https:\/\/balaguergutierrez.es\/index.php\/wp-json\/wp\/v2\/posts\/1146\/revisions"}],"predecessor-version":[{"id":1202,"href":"https:\/\/balaguergutierrez.es\/index.php\/wp-json\/wp\/v2\/posts\/1146\/revisions\/1202"}],"wp:featuredmedia":[{"embeddable":true,"href":"https:\/\/balaguergutierrez.es\/index.php\/wp-json\/wp\/v2\/media\/1147"}],"wp:attachment":[{"href":"https:\/\/balaguergutierrez.es\/index.php\/wp-json\/wp\/v2\/media?parent=1146"}],"wp:term":[{"taxonomy":"category","embeddable":true,"href":"https:\/\/balaguergutierrez.es\/index.php\/wp-json\/wp\/v2\/categories?post=1146"},{"taxonomy":"post_tag","embeddable":true,"href":"https:\/\/balaguergutierrez.es\/index.php\/wp-json\/wp\/v2\/tags?post=1146"}],"curies":[{"name":"wp","href":"https:\/\/api.w.org\/{rel}","templated":true}]}}