{"id":1222,"date":"2025-09-05T09:11:59","date_gmt":"2025-09-05T08:11:59","guid":{"rendered":"https:\/\/balaguergutierrez.es\/?p=1222"},"modified":"2025-10-22T19:08:26","modified_gmt":"2025-10-22T18:08:26","slug":"seguros-incremento-primas-palma-mallorca","status":"publish","type":"post","link":"https:\/\/balaguergutierrez.es\/index.php\/2025\/09\/05\/seguros-incremento-primas-palma-mallorca\/","title":{"rendered":"Por qu\u00e9 subir\u00e1n tus primas de seguro y c\u00f3mo sobrevivir a ello."},"content":{"rendered":"<div class=\"wp-block-image is-style-rounded\">\n<figure class=\"aligncenter size-full is-resized\"><img loading=\"lazy\" decoding=\"async\" width=\"1024\" height=\"683\" sizes=\"auto, (max-width: 1024px) 100vw, 1024px\" src=\"https:\/\/balaguergutierrez.es\/wp-content\/uploads\/2025\/09\/seguros\u2011primas\u2011Mallorca.webp\" alt=\"Asesor seguro hablando con cliente en oficina en Palma\" class=\"wp-image-1228\" style=\"object-fit:cover;width:700px;height:200px\" srcset=\"https:\/\/balaguergutierrez.es\/wp-content\/uploads\/2025\/09\/seguros\u2011primas\u2011Mallorca.webp 1024w, https:\/\/balaguergutierrez.es\/wp-content\/uploads\/2025\/09\/seguros\u2011primas\u2011Mallorca-300x200.webp 300w, https:\/\/balaguergutierrez.es\/wp-content\/uploads\/2025\/09\/seguros\u2011primas\u2011Mallorca-768x512.webp 768w\" \/><\/figure>\n<\/div>\n\n\n<p>La realidad es clara: los costes de los seguros de hogar, auto y salud est\u00e1n al alza. Inflaci\u00f3n, siniestralidad creciente y demandas m\u00e1s altas explican estas subidas. \u00bfLa soluci\u00f3n? Asesoramiento experto.<\/p>\n\n\n\n<p>Contrata siempre con un <a href=\"https:\/\/balaguergutierrez.es\/index.php\/servicios-seguros-mallorca\/\"><strong>Corredor de Seguros<\/strong>,<\/a> como nosotros en <a href=\"https:\/\/balaguergutierrez.es\/index.php\/nuestros-valores\/\">Balaguer &amp; Guti\u00e9rrez<\/a>, y olvida las trampas de ir directamente a un banco o compa\u00f1\u00eda, donde el cliente es uno m\u00e1s.<\/p>\n\n\n\n<ul class=\"wp-block-list\">\n<li><a href=\"https:\/\/balaguergutierrez.es\/index.php\/seguro-de-hogar\/\">Hogar<\/a>: incendios, da\u00f1os por agua y robos son reclamaciones frecuentes y costosas.<\/li>\n\n\n\n<li><a href=\"https:\/\/balaguergutierrez.es\/index.php\/automoviles\/\">Veh\u00edculos<\/a>: incremento de la siniestralidad, de los costes de reparaci\u00f3n y baremos m\u00e1s altos en da\u00f1os corporales, son las razones b\u00e1sicas de lso incrementos en las primas de los veh\u00edculos.<\/li>\n\n\n\n<li><a href=\"https:\/\/balaguergutierrez.es\/index.php\/salud\/\">Salud<\/a>: Aunque hay compa\u00f1\u00edas low\u2011cost, la competencia no siempre garantiza calidad. Los precios suben y el riesgo de quedarse cojo es real. Un Corredor te garantiza equilibrio entre precio y cobertura, adaptado a tus necesidades.<\/li>\n<\/ul>\n\n\n\n<h2 class=\"wp-block-heading\">Tres razones para contratarnos<\/h2>\n\n\n\n<ul class=\"wp-block-list\">\n<li><strong>Negociaci\u00f3n personalizada<\/strong>: entendemos tus necesidades y negociamos las condiciones \u00f3ptimas.<\/li>\n\n\n\n<li><strong>Gesti\u00f3n ante siniestros<\/strong>: cuando pasa algo, somos quienes te apoyan y agilizan el proceso.<\/li>\n\n\n\n<li><strong>Independencia real<\/strong>: no estamos atados a una aseguradora; nuestro \u00fanico inter\u00e9s eres t\u00fa.<\/li>\n<\/ul>\n\n\n\n<p>No te la juegues y evita contratar directamente con bancos o aseguradoras. Con nosotros, tienes control, transparencia y optimizaci\u00f3n. \u00bfHablamos?<\/p>\n","protected":false},"excerpt":{"rendered":"<p>La realidad es clara: los costes de los seguros de hogar, auto y salud est\u00e1n al alza. Inflaci\u00f3n, siniestralidad creciente y demandas m\u00e1s altas explican estas subidas. \u00bfLa soluci\u00f3n? Asesoramiento experto. Contrata siempre con un Corredor de Seguros, como nosotros<\/p>\n","protected":false},"author":1,"featured_media":1228,"comment_status":"closed","ping_status":"closed","sticky":false,"template":"","format":"standard","meta":{"footnotes":""},"categories":[33,36,39,40,1],"tags":[102,121,127,126,125],"class_list":["post-1222","post","type-post","status-publish","format-standard","has-post-thumbnail","hentry","category-autonomos","category-seguro-de-salud","category-seguro-del-automovil","category-seguro-del-hogar","category-uncategorized","tag-corredor-de-seguros","tag-salud","tag-seguros-auto-mallorca","tag-seguros-baleares","tag-seguros-hogar-palma","","tg-column-third"],"yoast_head":"<!-- This site is optimized with the Yoast SEO plugin v27.4 - https:\/\/yoast.com\/product\/yoast-seo-wordpress\/ -->\n<title>balaguergutierrez.es - Por qu\u00e9 subir\u00e1n tus primas de seguro y c\u00f3mo sobrevivir a ello.<\/title>\n<meta name=\"description\" content=\"Aumento de las primas de seguros de hogar, auto y salud. Descubre c\u00f3mo un Corredor de Seguros en Palma de Mallorca puede ayudarte a ahorrar.\" \/>\n<meta name=\"robots\" content=\"index, follow, max-snippet:-1, max-image-preview:large, max-video-preview:-1\" \/>\n<link rel=\"canonical\" href=\"https:\/\/balaguergutierrez.es\/index.php\/2025\/09\/05\/seguros-incremento-primas-palma-mallorca\/\" \/>\n<meta property=\"og:locale\" content=\"es_ES\" \/>\n<meta property=\"og:type\" content=\"article\" \/>\n<meta property=\"og:title\" content=\"balaguergutierrez.es - Por qu\u00e9 subir\u00e1n tus primas de seguro y c\u00f3mo sobrevivir a ello.\" \/>\n<meta property=\"og:description\" content=\"Aumento de las primas de seguros de hogar, auto y salud. Descubre c\u00f3mo un Corredor de Seguros en Palma de Mallorca puede ayudarte a ahorrar.\" \/>\n<meta property=\"og:url\" content=\"https:\/\/balaguergutierrez.es\/index.php\/2025\/09\/05\/seguros-incremento-primas-palma-mallorca\/\" \/>\n<meta property=\"og:site_name\" content=\"balaguergutierrez.es\" \/>\n<meta property=\"article:publisher\" content=\"https:\/\/www.facebook.com\/balaguergutierrezcs\/\" \/>\n<meta property=\"article:published_time\" content=\"2025-09-05T08:11:59+00:00\" \/>\n<meta property=\"article:modified_time\" content=\"2025-10-22T18:08:26+00:00\" \/>\n<meta property=\"og:image\" content=\"https:\/\/balaguergutierrez.es\/wp-content\/uploads\/2025\/09\/seguros\u2011primas\u2011Mallorca.webp\" \/>\n\t<meta property=\"og:image:width\" content=\"1024\" \/>\n\t<meta property=\"og:image:height\" content=\"683\" \/>\n\t<meta property=\"og:image:type\" content=\"image\/webp\" \/>\n<meta name=\"author\" content=\"Balaguer guti\u00e9rrez\" \/>\n<meta name=\"twitter:label1\" content=\"Escrito por\" \/>\n\t<meta name=\"twitter:data1\" content=\"Balaguer guti\u00e9rrez\" \/>\n\t<meta name=\"twitter:label2\" content=\"Tiempo de lectura\" \/>\n\t<meta name=\"twitter:data2\" content=\"2 minutos\" \/>\n<script type=\"application\/ld+json\" class=\"yoast-schema-graph\">{\"@context\":\"https:\\\/\\\/schema.org\",\"@graph\":[{\"@type\":\"Article\",\"@id\":\"https:\\\/\\\/balaguergutierrez.es\\\/index.php\\\/2025\\\/09\\\/05\\\/seguros-incremento-primas-palma-mallorca\\\/#article\",\"isPartOf\":{\"@id\":\"https:\\\/\\\/balaguergutierrez.es\\\/index.php\\\/2025\\\/09\\\/05\\\/seguros-incremento-primas-palma-mallorca\\\/\"},\"author\":{\"name\":\"Balaguer guti\u00e9rrez\",\"@id\":\"https:\\\/\\\/balaguergutierrez.es\\\/#\\\/schema\\\/person\\\/d9f10607ee7f5a76d713b12c59e16f06\"},\"headline\":\"Por qu\u00e9 subir\u00e1n tus primas de seguro y c\u00f3mo sobrevivir a ello.\",\"datePublished\":\"2025-09-05T08:11:59+00:00\",\"dateModified\":\"2025-10-22T18:08:26+00:00\",\"mainEntityOfPage\":{\"@id\":\"https:\\\/\\\/balaguergutierrez.es\\\/index.php\\\/2025\\\/09\\\/05\\\/seguros-incremento-primas-palma-mallorca\\\/\"},\"wordCount\":234,\"publisher\":{\"@id\":\"https:\\\/\\\/balaguergutierrez.es\\\/#organization\"},\"image\":{\"@id\":\"https:\\\/\\\/balaguergutierrez.es\\\/index.php\\\/2025\\\/09\\\/05\\\/seguros-incremento-primas-palma-mallorca\\\/#primaryimage\"},\"thumbnailUrl\":\"https:\\\/\\\/balaguergutierrez.es\\\/wp-content\\\/uploads\\\/2025\\\/09\\\/seguros\u2011primas\u2011Mallorca.webp\",\"keywords\":[\"corredor de seguros\",\"salud\",\"seguros auto Mallorca\",\"seguros Baleares\",\"seguros hogar Palma\"],\"articleSection\":[\"Aut\u00f3nomos\",\"Seguro de Salud\",\"Seguro del Autom\u00f3vil\",\"Seguro del hogar\",\"Uncategorized\"],\"inLanguage\":\"es\"},{\"@type\":\"WebPage\",\"@id\":\"https:\\\/\\\/balaguergutierrez.es\\\/index.php\\\/2025\\\/09\\\/05\\\/seguros-incremento-primas-palma-mallorca\\\/\",\"url\":\"https:\\\/\\\/balaguergutierrez.es\\\/index.php\\\/2025\\\/09\\\/05\\\/seguros-incremento-primas-palma-mallorca\\\/\",\"name\":\"balaguergutierrez.es - Por qu\u00e9 subir\u00e1n tus primas de seguro y c\u00f3mo sobrevivir a ello.\",\"isPartOf\":{\"@id\":\"https:\\\/\\\/balaguergutierrez.es\\\/#website\"},\"primaryImageOfPage\":{\"@id\":\"https:\\\/\\\/balaguergutierrez.es\\\/index.php\\\/2025\\\/09\\\/05\\\/seguros-incremento-primas-palma-mallorca\\\/#primaryimage\"},\"image\":{\"@id\":\"https:\\\/\\\/balaguergutierrez.es\\\/index.php\\\/2025\\\/09\\\/05\\\/seguros-incremento-primas-palma-mallorca\\\/#primaryimage\"},\"thumbnailUrl\":\"https:\\\/\\\/balaguergutierrez.es\\\/wp-content\\\/uploads\\\/2025\\\/09\\\/seguros\u2011primas\u2011Mallorca.webp\",\"datePublished\":\"2025-09-05T08:11:59+00:00\",\"dateModified\":\"2025-10-22T18:08:26+00:00\",\"description\":\"Aumento de las primas de seguros de hogar, auto y salud. Descubre c\u00f3mo un Corredor de Seguros en Palma de Mallorca puede ayudarte a ahorrar.\",\"breadcrumb\":{\"@id\":\"https:\\\/\\\/balaguergutierrez.es\\\/index.php\\\/2025\\\/09\\\/05\\\/seguros-incremento-primas-palma-mallorca\\\/#breadcrumb\"},\"inLanguage\":\"es\",\"potentialAction\":[{\"@type\":\"ReadAction\",\"target\":[\"https:\\\/\\\/balaguergutierrez.es\\\/index.php\\\/2025\\\/09\\\/05\\\/seguros-incremento-primas-palma-mallorca\\\/\"]}]},{\"@type\":\"ImageObject\",\"inLanguage\":\"es\",\"@id\":\"https:\\\/\\\/balaguergutierrez.es\\\/index.php\\\/2025\\\/09\\\/05\\\/seguros-incremento-primas-palma-mallorca\\\/#primaryimage\",\"url\":\"https:\\\/\\\/balaguergutierrez.es\\\/wp-content\\\/uploads\\\/2025\\\/09\\\/seguros\u2011primas\u2011Mallorca.webp\",\"contentUrl\":\"https:\\\/\\\/balaguergutierrez.es\\\/wp-content\\\/uploads\\\/2025\\\/09\\\/seguros\u2011primas\u2011Mallorca.webp\",\"width\":1024,\"height\":683,\"caption\":\"Asesor seguro hablando con cliente en oficina en Palma\"},{\"@type\":\"BreadcrumbList\",\"@id\":\"https:\\\/\\\/balaguergutierrez.es\\\/index.php\\\/2025\\\/09\\\/05\\\/seguros-incremento-primas-palma-mallorca\\\/#breadcrumb\",\"itemListElement\":[{\"@type\":\"ListItem\",\"position\":1,\"name\":\"Portada\",\"item\":\"https:\\\/\\\/balaguergutierrez.es\\\/\"},{\"@type\":\"ListItem\",\"position\":2,\"name\":\"Por qu\u00e9 subir\u00e1n tus primas de seguro y c\u00f3mo sobrevivir a ello.\"}]},{\"@type\":\"WebSite\",\"@id\":\"https:\\\/\\\/balaguergutierrez.es\\\/#website\",\"url\":\"https:\\\/\\\/balaguergutierrez.es\\\/\",\"name\":\"Balaguer & Guti\u00e9rrez, Corredur\u00eda de Seguros\",\"description\":\"Aseguramos lo que de verdad importa\",\"publisher\":{\"@id\":\"https:\\\/\\\/balaguergutierrez.es\\\/#organization\"},\"potentialAction\":[{\"@type\":\"SearchAction\",\"target\":{\"@type\":\"EntryPoint\",\"urlTemplate\":\"https:\\\/\\\/balaguergutierrez.es\\\/?s={search_term_string}\"},\"query-input\":{\"@type\":\"PropertyValueSpecification\",\"valueRequired\":true,\"valueName\":\"search_term_string\"}}],\"inLanguage\":\"es\"},{\"@type\":\"Organization\",\"@id\":\"https:\\\/\\\/balaguergutierrez.es\\\/#organization\",\"name\":\"Balaguer & Guti\u00e9rrez SL\",\"url\":\"https:\\\/\\\/balaguergutierrez.es\\\/\",\"logo\":{\"@type\":\"ImageObject\",\"inLanguage\":\"es\",\"@id\":\"https:\\\/\\\/balaguergutierrez.es\\\/#\\\/schema\\\/logo\\\/image\\\/\",\"url\":\"https:\\\/\\\/balaguergutierrez.es\\\/wp-content\\\/uploads\\\/2023\\\/03\\\/bg2014-Personalizado-1.png\",\"contentUrl\":\"https:\\\/\\\/balaguergutierrez.es\\\/wp-content\\\/uploads\\\/2023\\\/03\\\/bg2014-Personalizado-1.png\",\"width\":300,\"height\":56,\"caption\":\"Balaguer & Guti\u00e9rrez SL\"},\"image\":{\"@id\":\"https:\\\/\\\/balaguergutierrez.es\\\/#\\\/schema\\\/logo\\\/image\\\/\"},\"sameAs\":[\"https:\\\/\\\/www.facebook.com\\\/balaguergutierrezcs\\\/\",\"https:\\\/\\\/www.instagram.com\\\/balaguergutierrezsl\\\/\"]},{\"@type\":\"Person\",\"@id\":\"https:\\\/\\\/balaguergutierrez.es\\\/#\\\/schema\\\/person\\\/d9f10607ee7f5a76d713b12c59e16f06\",\"name\":\"Balaguer guti\u00e9rrez\",\"sameAs\":[\"https:\\\/\\\/balaguergutierrez.es\"],\"url\":\"https:\\\/\\\/balaguergutierrez.es\\\/index.php\\\/author\\\/root_jz69qmt7\\\/\"}]}<\/script>\n<!-- \/ Yoast SEO plugin. -->","yoast_head_json":{"title":"balaguergutierrez.es - Por qu\u00e9 subir\u00e1n tus primas de seguro y c\u00f3mo sobrevivir a ello.","description":"Aumento de las primas de seguros de hogar, auto y salud. Descubre c\u00f3mo un Corredor de Seguros en Palma de Mallorca puede ayudarte a ahorrar.","robots":{"index":"index","follow":"follow","max-snippet":"max-snippet:-1","max-image-preview":"max-image-preview:large","max-video-preview":"max-video-preview:-1"},"canonical":"https:\/\/balaguergutierrez.es\/index.php\/2025\/09\/05\/seguros-incremento-primas-palma-mallorca\/","og_locale":"es_ES","og_type":"article","og_title":"balaguergutierrez.es - Por qu\u00e9 subir\u00e1n tus primas de seguro y c\u00f3mo sobrevivir a ello.","og_description":"Aumento de las primas de seguros de hogar, auto y salud. Descubre c\u00f3mo un Corredor de Seguros en Palma de Mallorca puede ayudarte a ahorrar.","og_url":"https:\/\/balaguergutierrez.es\/index.php\/2025\/09\/05\/seguros-incremento-primas-palma-mallorca\/","og_site_name":"balaguergutierrez.es","article_publisher":"https:\/\/www.facebook.com\/balaguergutierrezcs\/","article_published_time":"2025-09-05T08:11:59+00:00","article_modified_time":"2025-10-22T18:08:26+00:00","og_image":[{"width":1024,"height":683,"url":"https:\/\/balaguergutierrez.es\/wp-content\/uploads\/2025\/09\/seguros\u2011primas\u2011Mallorca.webp","type":"image\/webp"}],"author":"Balaguer guti\u00e9rrez","twitter_misc":{"Escrito por":"Balaguer guti\u00e9rrez","Tiempo de lectura":"2 minutos"},"schema":{"@context":"https:\/\/schema.org","@graph":[{"@type":"Article","@id":"https:\/\/balaguergutierrez.es\/index.php\/2025\/09\/05\/seguros-incremento-primas-palma-mallorca\/#article","isPartOf":{"@id":"https:\/\/balaguergutierrez.es\/index.php\/2025\/09\/05\/seguros-incremento-primas-palma-mallorca\/"},"author":{"name":"Balaguer guti\u00e9rrez","@id":"https:\/\/balaguergutierrez.es\/#\/schema\/person\/d9f10607ee7f5a76d713b12c59e16f06"},"headline":"Por qu\u00e9 subir\u00e1n tus primas de seguro y c\u00f3mo sobrevivir a ello.","datePublished":"2025-09-05T08:11:59+00:00","dateModified":"2025-10-22T18:08:26+00:00","mainEntityOfPage":{"@id":"https:\/\/balaguergutierrez.es\/index.php\/2025\/09\/05\/seguros-incremento-primas-palma-mallorca\/"},"wordCount":234,"publisher":{"@id":"https:\/\/balaguergutierrez.es\/#organization"},"image":{"@id":"https:\/\/balaguergutierrez.es\/index.php\/2025\/09\/05\/seguros-incremento-primas-palma-mallorca\/#primaryimage"},"thumbnailUrl":"https:\/\/balaguergutierrez.es\/wp-content\/uploads\/2025\/09\/seguros\u2011primas\u2011Mallorca.webp","keywords":["corredor de seguros","salud","seguros auto Mallorca","seguros Baleares","seguros hogar Palma"],"articleSection":["Aut\u00f3nomos","Seguro de Salud","Seguro del Autom\u00f3vil","Seguro del hogar","Uncategorized"],"inLanguage":"es"},{"@type":"WebPage","@id":"https:\/\/balaguergutierrez.es\/index.php\/2025\/09\/05\/seguros-incremento-primas-palma-mallorca\/","url":"https:\/\/balaguergutierrez.es\/index.php\/2025\/09\/05\/seguros-incremento-primas-palma-mallorca\/","name":"balaguergutierrez.es - Por qu\u00e9 subir\u00e1n tus primas de seguro y c\u00f3mo sobrevivir a ello.","isPartOf":{"@id":"https:\/\/balaguergutierrez.es\/#website"},"primaryImageOfPage":{"@id":"https:\/\/balaguergutierrez.es\/index.php\/2025\/09\/05\/seguros-incremento-primas-palma-mallorca\/#primaryimage"},"image":{"@id":"https:\/\/balaguergutierrez.es\/index.php\/2025\/09\/05\/seguros-incremento-primas-palma-mallorca\/#primaryimage"},"thumbnailUrl":"https:\/\/balaguergutierrez.es\/wp-content\/uploads\/2025\/09\/seguros\u2011primas\u2011Mallorca.webp","datePublished":"2025-09-05T08:11:59+00:00","dateModified":"2025-10-22T18:08:26+00:00","description":"Aumento de las primas de seguros de hogar, auto y salud. Descubre c\u00f3mo un Corredor de Seguros en Palma de Mallorca puede ayudarte a ahorrar.","breadcrumb":{"@id":"https:\/\/balaguergutierrez.es\/index.php\/2025\/09\/05\/seguros-incremento-primas-palma-mallorca\/#breadcrumb"},"inLanguage":"es","potentialAction":[{"@type":"ReadAction","target":["https:\/\/balaguergutierrez.es\/index.php\/2025\/09\/05\/seguros-incremento-primas-palma-mallorca\/"]}]},{"@type":"ImageObject","inLanguage":"es","@id":"https:\/\/balaguergutierrez.es\/index.php\/2025\/09\/05\/seguros-incremento-primas-palma-mallorca\/#primaryimage","url":"https:\/\/balaguergutierrez.es\/wp-content\/uploads\/2025\/09\/seguros\u2011primas\u2011Mallorca.webp","contentUrl":"https:\/\/balaguergutierrez.es\/wp-content\/uploads\/2025\/09\/seguros\u2011primas\u2011Mallorca.webp","width":1024,"height":683,"caption":"Asesor seguro hablando con cliente en oficina en Palma"},{"@type":"BreadcrumbList","@id":"https:\/\/balaguergutierrez.es\/index.php\/2025\/09\/05\/seguros-incremento-primas-palma-mallorca\/#breadcrumb","itemListElement":[{"@type":"ListItem","position":1,"name":"Portada","item":"https:\/\/balaguergutierrez.es\/"},{"@type":"ListItem","position":2,"name":"Por qu\u00e9 subir\u00e1n tus primas de seguro y c\u00f3mo sobrevivir a ello."}]},{"@type":"WebSite","@id":"https:\/\/balaguergutierrez.es\/#website","url":"https:\/\/balaguergutierrez.es\/","name":"Balaguer & Guti\u00e9rrez, Corredur\u00eda de Seguros","description":"Aseguramos lo que de verdad importa","publisher":{"@id":"https:\/\/balaguergutierrez.es\/#organization"},"potentialAction":[{"@type":"SearchAction","target":{"@type":"EntryPoint","urlTemplate":"https:\/\/balaguergutierrez.es\/?s={search_term_string}"},"query-input":{"@type":"PropertyValueSpecification","valueRequired":true,"valueName":"search_term_string"}}],"inLanguage":"es"},{"@type":"Organization","@id":"https:\/\/balaguergutierrez.es\/#organization","name":"Balaguer & Guti\u00e9rrez SL","url":"https:\/\/balaguergutierrez.es\/","logo":{"@type":"ImageObject","inLanguage":"es","@id":"https:\/\/balaguergutierrez.es\/#\/schema\/logo\/image\/","url":"https:\/\/balaguergutierrez.es\/wp-content\/uploads\/2023\/03\/bg2014-Personalizado-1.png","contentUrl":"https:\/\/balaguergutierrez.es\/wp-content\/uploads\/2023\/03\/bg2014-Personalizado-1.png","width":300,"height":56,"caption":"Balaguer & Guti\u00e9rrez SL"},"image":{"@id":"https:\/\/balaguergutierrez.es\/#\/schema\/logo\/image\/"},"sameAs":["https:\/\/www.facebook.com\/balaguergutierrezcs\/","https:\/\/www.instagram.com\/balaguergutierrezsl\/"]},{"@type":"Person","@id":"https:\/\/balaguergutierrez.es\/#\/schema\/person\/d9f10607ee7f5a76d713b12c59e16f06","name":"Balaguer guti\u00e9rrez","sameAs":["https:\/\/balaguergutierrez.es"],"url":"https:\/\/balaguergutierrez.es\/index.php\/author\/root_jz69qmt7\/"}]}},"_links":{"self":[{"href":"https:\/\/balaguergutierrez.es\/index.php\/wp-json\/wp\/v2\/posts\/1222","targetHints":{"allow":["GET"]}}],"collection":[{"href":"https:\/\/balaguergutierrez.es\/index.php\/wp-json\/wp\/v2\/posts"}],"about":[{"href":"https:\/\/balaguergutierrez.es\/index.php\/wp-json\/wp\/v2\/types\/post"}],"author":[{"embeddable":true,"href":"https:\/\/balaguergutierrez.es\/index.php\/wp-json\/wp\/v2\/users\/1"}],"replies":[{"embeddable":true,"href":"https:\/\/balaguergutierrez.es\/index.php\/wp-json\/wp\/v2\/comments?post=1222"}],"version-history":[{"count":6,"href":"https:\/\/balaguergutierrez.es\/index.php\/wp-json\/wp\/v2\/posts\/1222\/revisions"}],"predecessor-version":[{"id":1229,"href":"https:\/\/balaguergutierrez.es\/index.php\/wp-json\/wp\/v2\/posts\/1222\/revisions\/1229"}],"wp:featuredmedia":[{"embeddable":true,"href":"https:\/\/balaguergutierrez.es\/index.php\/wp-json\/wp\/v2\/media\/1228"}],"wp:attachment":[{"href":"https:\/\/balaguergutierrez.es\/index.php\/wp-json\/wp\/v2\/media?parent=1222"}],"wp:term":[{"taxonomy":"category","embeddable":true,"href":"https:\/\/balaguergutierrez.es\/index.php\/wp-json\/wp\/v2\/categories?post=1222"},{"taxonomy":"post_tag","embeddable":true,"href":"https:\/\/balaguergutierrez.es\/index.php\/wp-json\/wp\/v2\/tags?post=1222"}],"curies":[{"name":"wp","href":"https:\/\/api.w.org\/{rel}","templated":true}]}}