{"id":1230,"date":"2025-09-10T09:36:36","date_gmt":"2025-09-10T08:36:36","guid":{"rendered":"https:\/\/balaguergutierrez.es\/?p=1230"},"modified":"2025-10-22T19:07:09","modified_gmt":"2025-10-22T18:07:09","slug":"seguro-patinete-palma-baleares","status":"publish","type":"post","link":"https:\/\/balaguergutierrez.es\/index.php\/2025\/09\/10\/seguro-patinete-palma-baleares\/","title":{"rendered":"Seguro obligatorio para patinetes en Palma: gu\u00eda r\u00e1pida para particulares, aut\u00f3nomos y empresas (2025)"},"content":{"rendered":"<div class=\"wp-block-image is-style-rounded\">\n<figure class=\"aligncenter size-full is-resized\"><img loading=\"lazy\" decoding=\"async\" width=\"1024\" height=\"683\" sizes=\"auto, (max-width: 1024px) 100vw, 1024px\" src=\"https:\/\/balaguergutierrez.es\/wp-content\/uploads\/2025\/09\/seguro-patinete-palma-baleares-2025.webp\" alt=\"Corredor de seguros en Palma contratando seguro de patinete\/VMP con cliente\" class=\"wp-image-1232\" style=\"object-fit:cover;width:700px;height:200px\" srcset=\"https:\/\/balaguergutierrez.es\/wp-content\/uploads\/2025\/09\/seguro-patinete-palma-baleares-2025.webp 1024w, https:\/\/balaguergutierrez.es\/wp-content\/uploads\/2025\/09\/seguro-patinete-palma-baleares-2025-300x200.webp 300w, https:\/\/balaguergutierrez.es\/wp-content\/uploads\/2025\/09\/seguro-patinete-palma-baleares-2025-768x512.webp 768w\" \/><\/figure>\n<\/div>\n\n\n<p>En Palma ya no es opcional: si usas patinete o VMP necesitas <strong><a href=\"https:\/\/balaguergutierrez.es\/index.php\/seguros-bicicletas-patinetes-electricos\/\">seguro de responsabilidad civil<\/a> (m\u00edn. 120.000\u202f\u20ac)<\/strong>, <strong>casco<\/strong> y <strong>chaleco reflectante<\/strong>. La polic\u00eda est\u00e1 realizando controles e <strong>inmoviliza<\/strong> patinetes sin seguro, con <strong>multas<\/strong> importantes. Esta medida ya es realidad en la ciudad y Espa\u00f1a avanza hacia la <strong>obligatoriedad nacional en 2026<\/strong>.<\/p>\n\n\n\n<p><strong>Nuestra recomendaci\u00f3n clara:<\/strong> contr\u00e1talo <strong>con un Corredor de Seguros<\/strong>. Evitar\u00e1s p\u00f3lizas inadecuadas, l\u00edmites insuficientes y exclusiones que luego impiden cobrar. <strong>Desaconsejamos la contrataci\u00f3n directa<\/strong> con bancos o con una sola compa\u00f1\u00eda: restringe opciones, encarece sin que lo parezca y te deja sin defensa en el siniestro.<\/p>\n\n\n\n<h2 class=\"wp-block-heading\">Solucion r\u00e1pidas.<\/h2>\n\n\n\n<ul class=\"wp-block-list\">\n<li><strong>RC VMP 120.000\u2013500.000 \u20ac<\/strong> con defensa jur\u00eddica y reclamaci\u00f3n de da\u00f1os.<\/li>\n\n\n\n<li>Opcionales \u00fatiles: <strong>robo\/da\u00f1os al patinete<\/strong>, asistencia y accidentes<\/li>\n\n\n\n<li><strong>Hogar<\/strong>: tu RC familiar <strong>no siempre<\/strong> cubre patinetes con motor; mejor p\u00f3liza espec\u00edfica VMP.<\/li>\n<\/ul>\n\n\n\n<h2 class=\"wp-block-heading\">FAQ express<\/h2>\n\n\n\n<ul class=\"wp-block-list\">\n<li><strong>\u00bfMe cubre el <a href=\"https:\/\/balaguergutierrez.es\/index.php\/seguro-de-hogar\/\">Hogar<\/a>?<\/strong> A veces, la RC del Hogar <strong>no<\/strong> cubre patinetes el\u00e9ctricos con motor. La norma en Palma <strong>exige<\/strong> seguro VMP espec\u00edfico; no te arriesgues.<\/li>\n\n\n\n<li><strong>\u00bfMultas y controles?<\/strong> Palma est\u00e1 sancionando e inmovilizando patinetes por falta de seguro y elementos obligatorios.<\/li>\n\n\n\n<li><strong>\u00bfY a nivel estatal?<\/strong> El Gobierno ha aprobado el marco para que los <strong>VMP tengan seguro obligatorio en 2026<\/strong>.<\/li>\n\n\n\n<li><strong>\u00bfPrecio orientativo?<\/strong> Desde primas muy accesibles seg\u00fan coberturas; recuerda que el barato mal dise\u00f1ado sale caro en un siniestro. (En nuestro blog y redes ya lo venimos avisando desde 2024\/2025).<\/li>\n<\/ul>\n\n\n\n<div class=\"wp-block-buttons is-content-justification-center is-layout-flex wp-container-core-buttons-is-layout-16018d1d wp-block-buttons-is-layout-flex\">\n<div class=\"wp-block-button\"><a class=\"wp-block-button__link has-white-color has-vivid-red-background-color has-text-color has-background has-link-color has-text-align-center wp-element-button\" href=\"https:\/\/forms.office.com\/e\/Jq57g7NTpZ\" target=\"_blank\" rel=\"noreferrer noopener\">Quiero mi seguro VMP ahora<\/a><\/div>\n<\/div>\n\n\n\n<hr class=\"wp-block-separator has-alpha-channel-opacity\"\/>\n\n\n\n<h2 class=\"wp-block-heading\">Por qu\u00e9 <strong>con un Corredor<\/strong> (y no con banco\/compa\u00f1\u00eda)<\/h2>\n\n\n\n<ul class=\"wp-block-list\">\n<li><strong>Independencia y comparaci\u00f3n real<\/strong> entre aseguradoras y condiciones.<\/li>\n\n\n\n<li><strong>Defensa del cliente<\/strong> en la peritaci\u00f3n y el pago del siniestro.<\/li>\n\n\n\n<li><strong>infraseguros<\/strong> y <strong>exclusiones<\/strong> ocultas; dimensionamos capitales y franquicias a tu caso.<\/li>\n<\/ul>\n\n\n\n<ul class=\"wp-block-list\">\n<li><strong>Revisi\u00f3n gratuita<\/strong> de tus p\u00f3lizas (VMP, Hogar, Auto, Salud, Vida, PyME) y propuesta clara en 24\u201348h laborables.<\/li>\n<\/ul>\n\n\n\n<div class=\"wp-block-buttons is-content-justification-center is-layout-flex wp-container-core-buttons-is-layout-16018d1d wp-block-buttons-is-layout-flex\">\n<div class=\"wp-block-button\"><a class=\"wp-block-button__link has-white-color has-vivid-red-background-color has-text-color has-background has-link-color wp-element-button\" href=\"https:\/\/balaguergutierrez.es\/index.php\/contact\/\">\u00bfHablamos?<\/a><\/div>\n<\/div>\n","protected":false},"excerpt":{"rendered":"<p>En Palma ya no es opcional: si usas patinete o VMP necesitas seguro de responsabilidad civil (m\u00edn. 120.000\u202f\u20ac), casco y chaleco reflectante. La polic\u00eda est\u00e1 realizando controles e inmoviliza patinetes sin seguro, con multas importantes. Esta medida ya es realidad<\/p>\n","protected":false},"author":1,"featured_media":1232,"comment_status":"closed","ping_status":"closed","sticky":false,"template":"","format":"standard","meta":{"footnotes":""},"categories":[43,44],"tags":[101,117,102,129,130,131,115],"class_list":["post-1230","post","type-post","status-publish","format-standard","has-post-thumbnail","hentry","category-seguro-de-patinete","category-seguro-de-responsabilidad-civil","tag-balaguer-gutierrez","tag-baleares","tag-corredor-de-seguros","tag-palma-de-mallorca-baleares-vmp-patinetes-electricos-seguro-responsabilidad-civil-corredores-de-seguros","tag-patinetes-electricos","tag-seguro-responsabilidad-civil","tag-vmp","","tg-column-third"],"yoast_head":"<!-- This site is optimized with the Yoast SEO plugin v27.4 - https:\/\/yoast.com\/product\/yoast-seo-wordpress\/ -->\n<title>Seguro obligatorio de patinetes en Palma - Guia de aseguramiento.<\/title>\n<meta name=\"description\" content=\"En Palma el seguro para patinetes\/VMP ya es obligatorio. Gu\u00eda r\u00e1pida por perfiles y c\u00f3mo contratarlo bien con un Corredor de Seguros en Palma y Baleares.\" \/>\n<meta name=\"robots\" content=\"index, follow, max-snippet:-1, max-image-preview:large, max-video-preview:-1\" \/>\n<link rel=\"canonical\" href=\"https:\/\/balaguergutierrez.es\/index.php\/2025\/09\/10\/seguro-patinete-palma-baleares\/\" \/>\n<meta property=\"og:locale\" content=\"es_ES\" \/>\n<meta property=\"og:type\" content=\"article\" \/>\n<meta property=\"og:title\" content=\"Seguro obligatorio de patinetes en Palma - Guia de aseguramiento.\" \/>\n<meta property=\"og:description\" content=\"En Palma el seguro para patinetes\/VMP ya es obligatorio. Gu\u00eda r\u00e1pida por perfiles y c\u00f3mo contratarlo bien con un Corredor de Seguros en Palma y Baleares.\" \/>\n<meta property=\"og:url\" content=\"https:\/\/balaguergutierrez.es\/index.php\/2025\/09\/10\/seguro-patinete-palma-baleares\/\" \/>\n<meta property=\"og:site_name\" content=\"balaguergutierrez.es\" \/>\n<meta property=\"article:publisher\" content=\"https:\/\/www.facebook.com\/balaguergutierrezcs\/\" \/>\n<meta property=\"article:published_time\" content=\"2025-09-10T08:36:36+00:00\" \/>\n<meta property=\"article:modified_time\" content=\"2025-10-22T18:07:09+00:00\" \/>\n<meta property=\"og:image\" content=\"https:\/\/balaguergutierrez.es\/wp-content\/uploads\/2025\/09\/seguro-patinete-palma-baleares-2025.webp\" \/>\n\t<meta property=\"og:image:width\" content=\"1024\" \/>\n\t<meta property=\"og:image:height\" content=\"683\" \/>\n\t<meta property=\"og:image:type\" content=\"image\/webp\" \/>\n<meta name=\"author\" content=\"Balaguer guti\u00e9rrez\" \/>\n<meta name=\"twitter:label1\" content=\"Escrito por\" \/>\n\t<meta name=\"twitter:data1\" content=\"Balaguer guti\u00e9rrez\" \/>\n\t<meta name=\"twitter:label2\" content=\"Tiempo de lectura\" \/>\n\t<meta name=\"twitter:data2\" content=\"2 minutos\" \/>\n<script type=\"application\/ld+json\" class=\"yoast-schema-graph\">{\"@context\":\"https:\\\/\\\/schema.org\",\"@graph\":[{\"@type\":\"Article\",\"@id\":\"https:\\\/\\\/balaguergutierrez.es\\\/index.php\\\/2025\\\/09\\\/10\\\/seguro-patinete-palma-baleares\\\/#article\",\"isPartOf\":{\"@id\":\"https:\\\/\\\/balaguergutierrez.es\\\/index.php\\\/2025\\\/09\\\/10\\\/seguro-patinete-palma-baleares\\\/\"},\"author\":{\"name\":\"Balaguer guti\u00e9rrez\",\"@id\":\"https:\\\/\\\/balaguergutierrez.es\\\/#\\\/schema\\\/person\\\/d9f10607ee7f5a76d713b12c59e16f06\"},\"headline\":\"Seguro obligatorio para patinetes en Palma: gu\u00eda r\u00e1pida para particulares, aut\u00f3nomos y empresas (2025)\",\"datePublished\":\"2025-09-10T08:36:36+00:00\",\"dateModified\":\"2025-10-22T18:07:09+00:00\",\"mainEntityOfPage\":{\"@id\":\"https:\\\/\\\/balaguergutierrez.es\\\/index.php\\\/2025\\\/09\\\/10\\\/seguro-patinete-palma-baleares\\\/\"},\"wordCount\":327,\"publisher\":{\"@id\":\"https:\\\/\\\/balaguergutierrez.es\\\/#organization\"},\"image\":{\"@id\":\"https:\\\/\\\/balaguergutierrez.es\\\/index.php\\\/2025\\\/09\\\/10\\\/seguro-patinete-palma-baleares\\\/#primaryimage\"},\"thumbnailUrl\":\"https:\\\/\\\/balaguergutierrez.es\\\/wp-content\\\/uploads\\\/2025\\\/09\\\/seguro-patinete-palma-baleares-2025.webp\",\"keywords\":[\"Balaguer &amp; Guti\u00e9rrez\",\"Baleares\",\"corredor de seguros\",\"Palma de Mallorca; Baleares; VMP; patinetes el\u00e9ctricos; seguro responsabilidad civil; corredores de seguros\",\"patinetes el\u00e9ctricos\",\"seguro responsabilidad civil\",\"VMP\"],\"articleSection\":[\"Seguro de Patinete \\\/ VMP\",\"Seguro de Responsabilidad Civil\"],\"inLanguage\":\"es\"},{\"@type\":\"WebPage\",\"@id\":\"https:\\\/\\\/balaguergutierrez.es\\\/index.php\\\/2025\\\/09\\\/10\\\/seguro-patinete-palma-baleares\\\/\",\"url\":\"https:\\\/\\\/balaguergutierrez.es\\\/index.php\\\/2025\\\/09\\\/10\\\/seguro-patinete-palma-baleares\\\/\",\"name\":\"Seguro obligatorio de patinetes en Palma - Guia de aseguramiento.\",\"isPartOf\":{\"@id\":\"https:\\\/\\\/balaguergutierrez.es\\\/#website\"},\"primaryImageOfPage\":{\"@id\":\"https:\\\/\\\/balaguergutierrez.es\\\/index.php\\\/2025\\\/09\\\/10\\\/seguro-patinete-palma-baleares\\\/#primaryimage\"},\"image\":{\"@id\":\"https:\\\/\\\/balaguergutierrez.es\\\/index.php\\\/2025\\\/09\\\/10\\\/seguro-patinete-palma-baleares\\\/#primaryimage\"},\"thumbnailUrl\":\"https:\\\/\\\/balaguergutierrez.es\\\/wp-content\\\/uploads\\\/2025\\\/09\\\/seguro-patinete-palma-baleares-2025.webp\",\"datePublished\":\"2025-09-10T08:36:36+00:00\",\"dateModified\":\"2025-10-22T18:07:09+00:00\",\"description\":\"En Palma el seguro para patinetes\\\/VMP ya es obligatorio. Gu\u00eda r\u00e1pida por perfiles y c\u00f3mo contratarlo bien con un Corredor de Seguros en Palma y Baleares.\",\"breadcrumb\":{\"@id\":\"https:\\\/\\\/balaguergutierrez.es\\\/index.php\\\/2025\\\/09\\\/10\\\/seguro-patinete-palma-baleares\\\/#breadcrumb\"},\"inLanguage\":\"es\",\"potentialAction\":[{\"@type\":\"ReadAction\",\"target\":[\"https:\\\/\\\/balaguergutierrez.es\\\/index.php\\\/2025\\\/09\\\/10\\\/seguro-patinete-palma-baleares\\\/\"]}]},{\"@type\":\"ImageObject\",\"inLanguage\":\"es\",\"@id\":\"https:\\\/\\\/balaguergutierrez.es\\\/index.php\\\/2025\\\/09\\\/10\\\/seguro-patinete-palma-baleares\\\/#primaryimage\",\"url\":\"https:\\\/\\\/balaguergutierrez.es\\\/wp-content\\\/uploads\\\/2025\\\/09\\\/seguro-patinete-palma-baleares-2025.webp\",\"contentUrl\":\"https:\\\/\\\/balaguergutierrez.es\\\/wp-content\\\/uploads\\\/2025\\\/09\\\/seguro-patinete-palma-baleares-2025.webp\",\"width\":1024,\"height\":683,\"caption\":\"Corredor de seguros en Palma contratando seguro de patinete\\\/VMP con cliente\"},{\"@type\":\"BreadcrumbList\",\"@id\":\"https:\\\/\\\/balaguergutierrez.es\\\/index.php\\\/2025\\\/09\\\/10\\\/seguro-patinete-palma-baleares\\\/#breadcrumb\",\"itemListElement\":[{\"@type\":\"ListItem\",\"position\":1,\"name\":\"Portada\",\"item\":\"https:\\\/\\\/balaguergutierrez.es\\\/\"},{\"@type\":\"ListItem\",\"position\":2,\"name\":\"Seguro obligatorio para patinetes en Palma: gu\u00eda r\u00e1pida para particulares, aut\u00f3nomos y empresas (2025)\"}]},{\"@type\":\"WebSite\",\"@id\":\"https:\\\/\\\/balaguergutierrez.es\\\/#website\",\"url\":\"https:\\\/\\\/balaguergutierrez.es\\\/\",\"name\":\"Balaguer & Guti\u00e9rrez, Corredur\u00eda de Seguros\",\"description\":\"Aseguramos lo que de verdad importa\",\"publisher\":{\"@id\":\"https:\\\/\\\/balaguergutierrez.es\\\/#organization\"},\"potentialAction\":[{\"@type\":\"SearchAction\",\"target\":{\"@type\":\"EntryPoint\",\"urlTemplate\":\"https:\\\/\\\/balaguergutierrez.es\\\/?s={search_term_string}\"},\"query-input\":{\"@type\":\"PropertyValueSpecification\",\"valueRequired\":true,\"valueName\":\"search_term_string\"}}],\"inLanguage\":\"es\"},{\"@type\":\"Organization\",\"@id\":\"https:\\\/\\\/balaguergutierrez.es\\\/#organization\",\"name\":\"Balaguer & Guti\u00e9rrez SL\",\"url\":\"https:\\\/\\\/balaguergutierrez.es\\\/\",\"logo\":{\"@type\":\"ImageObject\",\"inLanguage\":\"es\",\"@id\":\"https:\\\/\\\/balaguergutierrez.es\\\/#\\\/schema\\\/logo\\\/image\\\/\",\"url\":\"https:\\\/\\\/balaguergutierrez.es\\\/wp-content\\\/uploads\\\/2023\\\/03\\\/bg2014-Personalizado-1.png\",\"contentUrl\":\"https:\\\/\\\/balaguergutierrez.es\\\/wp-content\\\/uploads\\\/2023\\\/03\\\/bg2014-Personalizado-1.png\",\"width\":300,\"height\":56,\"caption\":\"Balaguer & Guti\u00e9rrez SL\"},\"image\":{\"@id\":\"https:\\\/\\\/balaguergutierrez.es\\\/#\\\/schema\\\/logo\\\/image\\\/\"},\"sameAs\":[\"https:\\\/\\\/www.facebook.com\\\/balaguergutierrezcs\\\/\",\"https:\\\/\\\/www.instagram.com\\\/balaguergutierrezsl\\\/\"]},{\"@type\":\"Person\",\"@id\":\"https:\\\/\\\/balaguergutierrez.es\\\/#\\\/schema\\\/person\\\/d9f10607ee7f5a76d713b12c59e16f06\",\"name\":\"Balaguer guti\u00e9rrez\",\"sameAs\":[\"https:\\\/\\\/balaguergutierrez.es\"],\"url\":\"https:\\\/\\\/balaguergutierrez.es\\\/index.php\\\/author\\\/root_jz69qmt7\\\/\"}]}<\/script>\n<!-- \/ Yoast SEO plugin. -->","yoast_head_json":{"title":"Seguro obligatorio de patinetes en Palma - Guia de aseguramiento.","description":"En Palma el seguro para patinetes\/VMP ya es obligatorio. Gu\u00eda r\u00e1pida por perfiles y c\u00f3mo contratarlo bien con un Corredor de Seguros en Palma y Baleares.","robots":{"index":"index","follow":"follow","max-snippet":"max-snippet:-1","max-image-preview":"max-image-preview:large","max-video-preview":"max-video-preview:-1"},"canonical":"https:\/\/balaguergutierrez.es\/index.php\/2025\/09\/10\/seguro-patinete-palma-baleares\/","og_locale":"es_ES","og_type":"article","og_title":"Seguro obligatorio de patinetes en Palma - Guia de aseguramiento.","og_description":"En Palma el seguro para patinetes\/VMP ya es obligatorio. Gu\u00eda r\u00e1pida por perfiles y c\u00f3mo contratarlo bien con un Corredor de Seguros en Palma y Baleares.","og_url":"https:\/\/balaguergutierrez.es\/index.php\/2025\/09\/10\/seguro-patinete-palma-baleares\/","og_site_name":"balaguergutierrez.es","article_publisher":"https:\/\/www.facebook.com\/balaguergutierrezcs\/","article_published_time":"2025-09-10T08:36:36+00:00","article_modified_time":"2025-10-22T18:07:09+00:00","og_image":[{"width":1024,"height":683,"url":"https:\/\/balaguergutierrez.es\/wp-content\/uploads\/2025\/09\/seguro-patinete-palma-baleares-2025.webp","type":"image\/webp"}],"author":"Balaguer guti\u00e9rrez","twitter_misc":{"Escrito por":"Balaguer guti\u00e9rrez","Tiempo de lectura":"2 minutos"},"schema":{"@context":"https:\/\/schema.org","@graph":[{"@type":"Article","@id":"https:\/\/balaguergutierrez.es\/index.php\/2025\/09\/10\/seguro-patinete-palma-baleares\/#article","isPartOf":{"@id":"https:\/\/balaguergutierrez.es\/index.php\/2025\/09\/10\/seguro-patinete-palma-baleares\/"},"author":{"name":"Balaguer guti\u00e9rrez","@id":"https:\/\/balaguergutierrez.es\/#\/schema\/person\/d9f10607ee7f5a76d713b12c59e16f06"},"headline":"Seguro obligatorio para patinetes en Palma: gu\u00eda r\u00e1pida para particulares, aut\u00f3nomos y empresas (2025)","datePublished":"2025-09-10T08:36:36+00:00","dateModified":"2025-10-22T18:07:09+00:00","mainEntityOfPage":{"@id":"https:\/\/balaguergutierrez.es\/index.php\/2025\/09\/10\/seguro-patinete-palma-baleares\/"},"wordCount":327,"publisher":{"@id":"https:\/\/balaguergutierrez.es\/#organization"},"image":{"@id":"https:\/\/balaguergutierrez.es\/index.php\/2025\/09\/10\/seguro-patinete-palma-baleares\/#primaryimage"},"thumbnailUrl":"https:\/\/balaguergutierrez.es\/wp-content\/uploads\/2025\/09\/seguro-patinete-palma-baleares-2025.webp","keywords":["Balaguer &amp; Guti\u00e9rrez","Baleares","corredor de seguros","Palma de Mallorca; Baleares; VMP; patinetes el\u00e9ctricos; seguro responsabilidad civil; corredores de seguros","patinetes el\u00e9ctricos","seguro responsabilidad civil","VMP"],"articleSection":["Seguro de Patinete \/ VMP","Seguro de Responsabilidad Civil"],"inLanguage":"es"},{"@type":"WebPage","@id":"https:\/\/balaguergutierrez.es\/index.php\/2025\/09\/10\/seguro-patinete-palma-baleares\/","url":"https:\/\/balaguergutierrez.es\/index.php\/2025\/09\/10\/seguro-patinete-palma-baleares\/","name":"Seguro obligatorio de patinetes en Palma - Guia de aseguramiento.","isPartOf":{"@id":"https:\/\/balaguergutierrez.es\/#website"},"primaryImageOfPage":{"@id":"https:\/\/balaguergutierrez.es\/index.php\/2025\/09\/10\/seguro-patinete-palma-baleares\/#primaryimage"},"image":{"@id":"https:\/\/balaguergutierrez.es\/index.php\/2025\/09\/10\/seguro-patinete-palma-baleares\/#primaryimage"},"thumbnailUrl":"https:\/\/balaguergutierrez.es\/wp-content\/uploads\/2025\/09\/seguro-patinete-palma-baleares-2025.webp","datePublished":"2025-09-10T08:36:36+00:00","dateModified":"2025-10-22T18:07:09+00:00","description":"En Palma el seguro para patinetes\/VMP ya es obligatorio. Gu\u00eda r\u00e1pida por perfiles y c\u00f3mo contratarlo bien con un Corredor de Seguros en Palma y Baleares.","breadcrumb":{"@id":"https:\/\/balaguergutierrez.es\/index.php\/2025\/09\/10\/seguro-patinete-palma-baleares\/#breadcrumb"},"inLanguage":"es","potentialAction":[{"@type":"ReadAction","target":["https:\/\/balaguergutierrez.es\/index.php\/2025\/09\/10\/seguro-patinete-palma-baleares\/"]}]},{"@type":"ImageObject","inLanguage":"es","@id":"https:\/\/balaguergutierrez.es\/index.php\/2025\/09\/10\/seguro-patinete-palma-baleares\/#primaryimage","url":"https:\/\/balaguergutierrez.es\/wp-content\/uploads\/2025\/09\/seguro-patinete-palma-baleares-2025.webp","contentUrl":"https:\/\/balaguergutierrez.es\/wp-content\/uploads\/2025\/09\/seguro-patinete-palma-baleares-2025.webp","width":1024,"height":683,"caption":"Corredor de seguros en Palma contratando seguro de patinete\/VMP con cliente"},{"@type":"BreadcrumbList","@id":"https:\/\/balaguergutierrez.es\/index.php\/2025\/09\/10\/seguro-patinete-palma-baleares\/#breadcrumb","itemListElement":[{"@type":"ListItem","position":1,"name":"Portada","item":"https:\/\/balaguergutierrez.es\/"},{"@type":"ListItem","position":2,"name":"Seguro obligatorio para patinetes en Palma: gu\u00eda r\u00e1pida para particulares, aut\u00f3nomos y empresas (2025)"}]},{"@type":"WebSite","@id":"https:\/\/balaguergutierrez.es\/#website","url":"https:\/\/balaguergutierrez.es\/","name":"Balaguer & Guti\u00e9rrez, Corredur\u00eda de Seguros","description":"Aseguramos lo que de verdad importa","publisher":{"@id":"https:\/\/balaguergutierrez.es\/#organization"},"potentialAction":[{"@type":"SearchAction","target":{"@type":"EntryPoint","urlTemplate":"https:\/\/balaguergutierrez.es\/?s={search_term_string}"},"query-input":{"@type":"PropertyValueSpecification","valueRequired":true,"valueName":"search_term_string"}}],"inLanguage":"es"},{"@type":"Organization","@id":"https:\/\/balaguergutierrez.es\/#organization","name":"Balaguer & Guti\u00e9rrez SL","url":"https:\/\/balaguergutierrez.es\/","logo":{"@type":"ImageObject","inLanguage":"es","@id":"https:\/\/balaguergutierrez.es\/#\/schema\/logo\/image\/","url":"https:\/\/balaguergutierrez.es\/wp-content\/uploads\/2023\/03\/bg2014-Personalizado-1.png","contentUrl":"https:\/\/balaguergutierrez.es\/wp-content\/uploads\/2023\/03\/bg2014-Personalizado-1.png","width":300,"height":56,"caption":"Balaguer & Guti\u00e9rrez SL"},"image":{"@id":"https:\/\/balaguergutierrez.es\/#\/schema\/logo\/image\/"},"sameAs":["https:\/\/www.facebook.com\/balaguergutierrezcs\/","https:\/\/www.instagram.com\/balaguergutierrezsl\/"]},{"@type":"Person","@id":"https:\/\/balaguergutierrez.es\/#\/schema\/person\/d9f10607ee7f5a76d713b12c59e16f06","name":"Balaguer guti\u00e9rrez","sameAs":["https:\/\/balaguergutierrez.es"],"url":"https:\/\/balaguergutierrez.es\/index.php\/author\/root_jz69qmt7\/"}]}},"_links":{"self":[{"href":"https:\/\/balaguergutierrez.es\/index.php\/wp-json\/wp\/v2\/posts\/1230","targetHints":{"allow":["GET"]}}],"collection":[{"href":"https:\/\/balaguergutierrez.es\/index.php\/wp-json\/wp\/v2\/posts"}],"about":[{"href":"https:\/\/balaguergutierrez.es\/index.php\/wp-json\/wp\/v2\/types\/post"}],"author":[{"embeddable":true,"href":"https:\/\/balaguergutierrez.es\/index.php\/wp-json\/wp\/v2\/users\/1"}],"replies":[{"embeddable":true,"href":"https:\/\/balaguergutierrez.es\/index.php\/wp-json\/wp\/v2\/comments?post=1230"}],"version-history":[{"count":3,"href":"https:\/\/balaguergutierrez.es\/index.php\/wp-json\/wp\/v2\/posts\/1230\/revisions"}],"predecessor-version":[{"id":1234,"href":"https:\/\/balaguergutierrez.es\/index.php\/wp-json\/wp\/v2\/posts\/1230\/revisions\/1234"}],"wp:featuredmedia":[{"embeddable":true,"href":"https:\/\/balaguergutierrez.es\/index.php\/wp-json\/wp\/v2\/media\/1232"}],"wp:attachment":[{"href":"https:\/\/balaguergutierrez.es\/index.php\/wp-json\/wp\/v2\/media?parent=1230"}],"wp:term":[{"taxonomy":"category","embeddable":true,"href":"https:\/\/balaguergutierrez.es\/index.php\/wp-json\/wp\/v2\/categories?post=1230"},{"taxonomy":"post_tag","embeddable":true,"href":"https:\/\/balaguergutierrez.es\/index.php\/wp-json\/wp\/v2\/tags?post=1230"}],"curies":[{"name":"wp","href":"https:\/\/api.w.org\/{rel}","templated":true}]}}