{"id":1262,"date":"2025-10-22T18:52:55","date_gmt":"2025-10-22T17:52:55","guid":{"rendered":"https:\/\/balaguergutierrez.es\/?p=1262"},"modified":"2025-10-22T18:52:56","modified_gmt":"2025-10-22T17:52:56","slug":"como-proteger-tu-patrimonio-frente-a-fenomenos-climaticos-extremos","status":"publish","type":"post","link":"https:\/\/balaguergutierrez.es\/index.php\/2025\/10\/22\/como-proteger-tu-patrimonio-frente-a-fenomenos-climaticos-extremos\/","title":{"rendered":"C\u00f3mo proteger tu patrimonio frente a fen\u00f3menos clim\u00e1ticos extremos"},"content":{"rendered":"<div class=\"wp-block-image is-style-rounded\">\n<figure class=\"aligncenter size-full is-resized\"><img loading=\"lazy\" decoding=\"async\" width=\"1024\" height=\"683\" sizes=\"auto, (max-width: 1024px) 100vw, 1024px\" src=\"https:\/\/balaguergutierrez.es\/wp-content\/uploads\/2025\/10\/riesgos\u2011climaticos\u2011baleares\u2011seguro.webp\" alt=\"Edificio costero en Palma de Mallorca bajo cielo tormentoso con canal\u00f3n da\u00f1ado\" class=\"wp-image-1247\" style=\"object-fit:cover;width:700px;height:200px\" srcset=\"https:\/\/balaguergutierrez.es\/wp-content\/uploads\/2025\/10\/riesgos\u2011climaticos\u2011baleares\u2011seguro.webp 1024w, https:\/\/balaguergutierrez.es\/wp-content\/uploads\/2025\/10\/riesgos\u2011climaticos\u2011baleares\u2011seguro-300x200.webp 300w, https:\/\/balaguergutierrez.es\/wp-content\/uploads\/2025\/10\/riesgos\u2011climaticos\u2011baleares\u2011seguro-768x512.webp 768w\" \/><\/figure>\n<\/div>\n\n\n<p>Vivir o tener un negocio en Mallorca es vivir junto al mar, el sol y\u2026 tambi\u00e9n frente a ciertos riesgos que antes parec\u00edan lejano. Vientos fuertes, lluvias torrenciales, inundaciones repentinas\u2026 El cambio clim\u00e1tico ya no es teor\u00eda: es parte de la realidad. Como corredor de seguros, te explico qu\u00e9 debes revisar hoy, qu\u00e9 seguro te conviene y por qu\u00e9.<\/p>\n\n\n\n<p>Con un<strong> corredor de seguros <\/strong>tu tranquilidad y defensa est\u00e1n mejor garantizadas.<\/p>\n\n\n\n<ol class=\"wp-block-list\">\n<li><strong>\u00bfPor qu\u00e9 aumenta el riesgo clim\u00e1tico en Baleares?<\/strong> Las aseguradoras advierten: los eventos meteorol\u00f3gicos extremos se incrementan en frecuencia e intensidad. Por ejemplo, los modelos muestran que en la zona mediterr\u00e1nea la concentraci\u00f3n de lluvias fuertes en pocas horas est\u00e1 subiendo, y los vientos costeros pueden superar los umbrales habituales. Esto repercute directo sobre:\n<ul class=\"wp-block-list\">\n<li>Viviendas de costa con tejados, canalones o elementos exteriores expuestos.<\/li>\n\n\n\n<li>Negocios en plantas bajas o s\u00f3tanos que pueden inundarse.<\/li>\n\n\n\n<li>Grandes patrimonios con estructuras antiguas que requieren renovaci\u00f3n.<\/li>\n<\/ul>\n<\/li>\n<\/ol>\n\n\n\n<p class=\"has-text-align-center\"><em>Ejemplo sencillo: una vivienda unifamiliar sufre viento extraordinario que da\u00f1a barandillas, toldos y mobiliario exterior. Si tu p\u00f3liza no cuenta con cobertura para ese viento, la compa\u00f1\u00eda puede rechazarlo. Si est\u00e1s asesorado por un buen corredor, te ayudar\u00e1 a dimensionar bien capitales, franquicias y exclusiones.<\/em><\/p>\n\n\n\n<ol start=\"2\" class=\"wp-block-list\">\n<li>De la p\u00f3liza tradicional al \u201cplus clim\u00e1tico\u201d Tener un seguro de hogar o un seguro para empresa es imprescindible. Pero <strong>ya no basta<\/strong> solo con eso. Aqu\u00ed te explico c\u00f3mo subir el nivel:\n<ul class=\"wp-block-list\">\n<li><strong><a href=\"https:\/\/balaguergutierrez.es\/index.php\/seguro-de-hogar\/\">Particulares \/ viviendas:<\/a><\/strong>\u00a0adem\u00e1s de cobertura por da\u00f1os materiales\u202f+\u202fRC, revisa que est\u00e9 contemplado el riesgo por lluvia torrencial, filtraciones desde cubierta, corrimientos de terreno leves o viento costero.<\/li>\n\n\n\n<li><strong><a href=\"https:\/\/balaguergutierrez.es\/index.php\/seguro-para-comercios-y-oficinas\/\">Aut\u00f3nomos \/ comercio local:<\/a><\/strong>\u00a0el seguro multirriesgo debe contemplar interrupci\u00f3n del negocio por fen\u00f3meno meteorol\u00f3gico, da\u00f1os en escaparates o maquinaria y tambi\u00e9n responsabilidad frente a terceros.<\/li>\n\n\n\n<li><a href=\"https:\/\/balaguergutierrez.es\/index.php\/seguro-pymes\/\"><strong>Empresas \/ patrimonios grandes:<\/strong>\u00a0<\/a>aseguramiento global que combine da\u00f1os materiales, negocio interrumpido, y riesgo clim\u00e1tico espec\u00edfico (inundaci\u00f3n, viento extremo).<\/li>\n<\/ul>\n<\/li>\n<\/ol>\n\n\n\n<ol start=\"3\" class=\"wp-block-list\">\n<li>Qu\u00e9 debes revisar <strong>YA<\/strong> en tu seguro\n<ul class=\"wp-block-list\">\n<li>\u00bfLa cobertura menciona expresamente lluvias torrenciales, vientos superiores a XX\u202fkm\/h, inundaciones leves o filtraciones desde cubierta?<\/li>\n\n\n\n<li>\u00bfLa p\u00f3liza exige medidas preventivas (limpieza de canalones, impermeabilizaci\u00f3n, mantenimiento de cubiertas) para que la cobertura sea v\u00e1lida?<\/li>\n\n\n\n<li>\u00bfLa interrupci\u00f3n del negocio est\u00e1 cubierta por fen\u00f3menos meteorol\u00f3gicos\u202f y \u202fqu\u00e9 periodo hay de paro antes de indemnizaci\u00f3n?<\/li>\n\n\n\n<li>\u00bfTienes franquicia para estos riesgos clim\u00e1ticos?<\/li>\n\n\n\n<li>\u00bfTe revisan anualmente las condiciones y adapta a la evoluci\u00f3n del riesgo (y no t\u00fa solo ante la compa\u00f1\u00eda)?<\/li>\n<\/ul>\n<\/li>\n<\/ol>\n\n\n\n<div class=\"wp-block-buttons is-content-justification-center is-layout-flex wp-container-core-buttons-is-layout-16018d1d wp-block-buttons-is-layout-flex\">\n<div class=\"wp-block-button\"><a class=\"wp-block-button__link has-white-color has-vivid-red-background-color has-text-color has-background has-link-color wp-element-button\" href=\"https:\/\/outlook.office.com\/bookwithme\/user\/d067cf286ea94ad79a1915b27c53db14@balaguergutierrez.com?anonymous&amp;ismsaljsauthenabled&amp;ep=plink\" target=\"_blank\" rel=\"noreferrer noopener\">Solicita Cita<\/a><\/div>\n\n\n\n<div class=\"wp-block-button\"><a class=\"wp-block-button__link has-white-color has-vivid-red-background-color has-text-color has-background has-link-color wp-element-button\" href=\"https:\/\/forms.office.com\/e\/tmCFWUrrFn\">Solicita Presupuesto<\/a><\/div>\n<\/div>\n","protected":false},"excerpt":{"rendered":"<p>Vivir o tener un negocio en Mallorca es vivir junto al mar, el sol y\u2026 tambi\u00e9n frente a ciertos riesgos que antes parec\u00edan lejano. Vientos fuertes, lluvias torrenciales, inundaciones repentinas\u2026 El cambio clim\u00e1tico ya no es teor\u00eda: es parte de<\/p>\n","protected":false},"author":1,"featured_media":1247,"comment_status":"closed","ping_status":"closed","sticky":false,"template":"","format":"standard","meta":{"footnotes":""},"categories":[41,31,40],"tags":[117,135,116,133,134,132],"class_list":["post-1262","post","type-post","status-publish","format-standard","has-post-thumbnail","hentry","category-seguro-de-comercio","category-seguros-para-empresas","category-seguro-del-hogar","tag-baleares","tag-cambio-climatico","tag-palma-de-mallorca","tag-riesgos-climaticos","tag-seguro-empresa","tag-seguro-hogar","","tg-column-third"],"yoast_head":"<!-- This site is optimized with the Yoast SEO plugin v27.4 - https:\/\/yoast.com\/product\/yoast-seo-wordpress\/ -->\n<title>Riesgos clim\u00e1ticos en Baleares \u2013 \u00bfTu seguro lo contempla?<\/title>\n<meta name=\"description\" content=\"Vivienda, negocio o empresa en Palma de Mallorca\/Baleares: descubre c\u00f3mo actualizar tu seguro frente a lluvias, vientos e inundaciones\" \/>\n<meta name=\"robots\" content=\"index, follow, max-snippet:-1, max-image-preview:large, max-video-preview:-1\" \/>\n<link rel=\"canonical\" href=\"https:\/\/balaguergutierrez.es\/index.php\/2025\/10\/22\/como-proteger-tu-patrimonio-frente-a-fenomenos-climaticos-extremos\/\" \/>\n<meta property=\"og:locale\" content=\"es_ES\" \/>\n<meta property=\"og:type\" content=\"article\" \/>\n<meta property=\"og:title\" content=\"Riesgos clim\u00e1ticos en Baleares \u2013 \u00bfTu seguro lo contempla?\" \/>\n<meta property=\"og:description\" content=\"Vivienda, negocio o empresa en Palma de Mallorca\/Baleares: descubre c\u00f3mo actualizar tu seguro frente a lluvias, vientos e inundaciones\" \/>\n<meta property=\"og:url\" content=\"https:\/\/balaguergutierrez.es\/index.php\/2025\/10\/22\/como-proteger-tu-patrimonio-frente-a-fenomenos-climaticos-extremos\/\" \/>\n<meta property=\"og:site_name\" content=\"balaguergutierrez.es\" \/>\n<meta property=\"article:publisher\" content=\"https:\/\/www.facebook.com\/balaguergutierrezcs\/\" \/>\n<meta property=\"article:published_time\" content=\"2025-10-22T17:52:55+00:00\" \/>\n<meta property=\"article:modified_time\" content=\"2025-10-22T17:52:56+00:00\" \/>\n<meta property=\"og:image\" content=\"https:\/\/balaguergutierrez.es\/wp-content\/uploads\/2025\/10\/riesgos\u2011climaticos\u2011baleares\u2011seguro.webp\" \/>\n\t<meta property=\"og:image:width\" content=\"1024\" \/>\n\t<meta property=\"og:image:height\" content=\"683\" \/>\n\t<meta property=\"og:image:type\" content=\"image\/webp\" \/>\n<meta name=\"author\" content=\"Balaguer guti\u00e9rrez\" \/>\n<meta name=\"twitter:label1\" content=\"Escrito por\" \/>\n\t<meta name=\"twitter:data1\" content=\"Balaguer guti\u00e9rrez\" \/>\n\t<meta name=\"twitter:label2\" content=\"Tiempo de lectura\" \/>\n\t<meta name=\"twitter:data2\" content=\"3 minutos\" \/>\n<script type=\"application\/ld+json\" class=\"yoast-schema-graph\">{\"@context\":\"https:\\\/\\\/schema.org\",\"@graph\":[{\"@type\":\"Article\",\"@id\":\"https:\\\/\\\/balaguergutierrez.es\\\/index.php\\\/2025\\\/10\\\/22\\\/como-proteger-tu-patrimonio-frente-a-fenomenos-climaticos-extremos\\\/#article\",\"isPartOf\":{\"@id\":\"https:\\\/\\\/balaguergutierrez.es\\\/index.php\\\/2025\\\/10\\\/22\\\/como-proteger-tu-patrimonio-frente-a-fenomenos-climaticos-extremos\\\/\"},\"author\":{\"name\":\"Balaguer guti\u00e9rrez\",\"@id\":\"https:\\\/\\\/balaguergutierrez.es\\\/#\\\/schema\\\/person\\\/d9f10607ee7f5a76d713b12c59e16f06\"},\"headline\":\"C\u00f3mo proteger tu patrimonio frente a fen\u00f3menos clim\u00e1ticos extremos\",\"datePublished\":\"2025-10-22T17:52:55+00:00\",\"dateModified\":\"2025-10-22T17:52:56+00:00\",\"mainEntityOfPage\":{\"@id\":\"https:\\\/\\\/balaguergutierrez.es\\\/index.php\\\/2025\\\/10\\\/22\\\/como-proteger-tu-patrimonio-frente-a-fenomenos-climaticos-extremos\\\/\"},\"wordCount\":443,\"publisher\":{\"@id\":\"https:\\\/\\\/balaguergutierrez.es\\\/#organization\"},\"image\":{\"@id\":\"https:\\\/\\\/balaguergutierrez.es\\\/index.php\\\/2025\\\/10\\\/22\\\/como-proteger-tu-patrimonio-frente-a-fenomenos-climaticos-extremos\\\/#primaryimage\"},\"thumbnailUrl\":\"https:\\\/\\\/balaguergutierrez.es\\\/wp-content\\\/uploads\\\/2025\\\/10\\\/riesgos\u2011climaticos\u2011baleares\u2011seguro.webp\",\"keywords\":[\"Baleares\",\"cambio clim\u00e1tico\",\"Palma de Mallorca\",\"riesgos clim\u00e1ticos\",\"seguro empresa\",\"seguro hogar\"],\"articleSection\":[\"Seguro de Comercio\",\"Seguro de la Empresa\",\"Seguro del hogar\"],\"inLanguage\":\"es\"},{\"@type\":\"WebPage\",\"@id\":\"https:\\\/\\\/balaguergutierrez.es\\\/index.php\\\/2025\\\/10\\\/22\\\/como-proteger-tu-patrimonio-frente-a-fenomenos-climaticos-extremos\\\/\",\"url\":\"https:\\\/\\\/balaguergutierrez.es\\\/index.php\\\/2025\\\/10\\\/22\\\/como-proteger-tu-patrimonio-frente-a-fenomenos-climaticos-extremos\\\/\",\"name\":\"Riesgos clim\u00e1ticos en Baleares \u2013 \u00bfTu seguro lo contempla?\",\"isPartOf\":{\"@id\":\"https:\\\/\\\/balaguergutierrez.es\\\/#website\"},\"primaryImageOfPage\":{\"@id\":\"https:\\\/\\\/balaguergutierrez.es\\\/index.php\\\/2025\\\/10\\\/22\\\/como-proteger-tu-patrimonio-frente-a-fenomenos-climaticos-extremos\\\/#primaryimage\"},\"image\":{\"@id\":\"https:\\\/\\\/balaguergutierrez.es\\\/index.php\\\/2025\\\/10\\\/22\\\/como-proteger-tu-patrimonio-frente-a-fenomenos-climaticos-extremos\\\/#primaryimage\"},\"thumbnailUrl\":\"https:\\\/\\\/balaguergutierrez.es\\\/wp-content\\\/uploads\\\/2025\\\/10\\\/riesgos\u2011climaticos\u2011baleares\u2011seguro.webp\",\"datePublished\":\"2025-10-22T17:52:55+00:00\",\"dateModified\":\"2025-10-22T17:52:56+00:00\",\"description\":\"Vivienda, negocio o empresa en Palma de Mallorca\\\/Baleares: descubre c\u00f3mo actualizar tu seguro frente a lluvias, vientos e inundaciones\",\"breadcrumb\":{\"@id\":\"https:\\\/\\\/balaguergutierrez.es\\\/index.php\\\/2025\\\/10\\\/22\\\/como-proteger-tu-patrimonio-frente-a-fenomenos-climaticos-extremos\\\/#breadcrumb\"},\"inLanguage\":\"es\",\"potentialAction\":[{\"@type\":\"ReadAction\",\"target\":[\"https:\\\/\\\/balaguergutierrez.es\\\/index.php\\\/2025\\\/10\\\/22\\\/como-proteger-tu-patrimonio-frente-a-fenomenos-climaticos-extremos\\\/\"]}]},{\"@type\":\"ImageObject\",\"inLanguage\":\"es\",\"@id\":\"https:\\\/\\\/balaguergutierrez.es\\\/index.php\\\/2025\\\/10\\\/22\\\/como-proteger-tu-patrimonio-frente-a-fenomenos-climaticos-extremos\\\/#primaryimage\",\"url\":\"https:\\\/\\\/balaguergutierrez.es\\\/wp-content\\\/uploads\\\/2025\\\/10\\\/riesgos\u2011climaticos\u2011baleares\u2011seguro.webp\",\"contentUrl\":\"https:\\\/\\\/balaguergutierrez.es\\\/wp-content\\\/uploads\\\/2025\\\/10\\\/riesgos\u2011climaticos\u2011baleares\u2011seguro.webp\",\"width\":1024,\"height\":683,\"caption\":\"Edificio costero en Palma de Mallorca bajo cielo tormentoso con canal\u00f3n da\u00f1ado\"},{\"@type\":\"BreadcrumbList\",\"@id\":\"https:\\\/\\\/balaguergutierrez.es\\\/index.php\\\/2025\\\/10\\\/22\\\/como-proteger-tu-patrimonio-frente-a-fenomenos-climaticos-extremos\\\/#breadcrumb\",\"itemListElement\":[{\"@type\":\"ListItem\",\"position\":1,\"name\":\"Portada\",\"item\":\"https:\\\/\\\/balaguergutierrez.es\\\/\"},{\"@type\":\"ListItem\",\"position\":2,\"name\":\"C\u00f3mo proteger tu patrimonio frente a fen\u00f3menos clim\u00e1ticos extremos\"}]},{\"@type\":\"WebSite\",\"@id\":\"https:\\\/\\\/balaguergutierrez.es\\\/#website\",\"url\":\"https:\\\/\\\/balaguergutierrez.es\\\/\",\"name\":\"Balaguer & Guti\u00e9rrez, Corredur\u00eda de Seguros\",\"description\":\"Aseguramos lo que de verdad importa\",\"publisher\":{\"@id\":\"https:\\\/\\\/balaguergutierrez.es\\\/#organization\"},\"potentialAction\":[{\"@type\":\"SearchAction\",\"target\":{\"@type\":\"EntryPoint\",\"urlTemplate\":\"https:\\\/\\\/balaguergutierrez.es\\\/?s={search_term_string}\"},\"query-input\":{\"@type\":\"PropertyValueSpecification\",\"valueRequired\":true,\"valueName\":\"search_term_string\"}}],\"inLanguage\":\"es\"},{\"@type\":\"Organization\",\"@id\":\"https:\\\/\\\/balaguergutierrez.es\\\/#organization\",\"name\":\"Balaguer & Guti\u00e9rrez SL\",\"url\":\"https:\\\/\\\/balaguergutierrez.es\\\/\",\"logo\":{\"@type\":\"ImageObject\",\"inLanguage\":\"es\",\"@id\":\"https:\\\/\\\/balaguergutierrez.es\\\/#\\\/schema\\\/logo\\\/image\\\/\",\"url\":\"https:\\\/\\\/balaguergutierrez.es\\\/wp-content\\\/uploads\\\/2023\\\/03\\\/bg2014-Personalizado-1.png\",\"contentUrl\":\"https:\\\/\\\/balaguergutierrez.es\\\/wp-content\\\/uploads\\\/2023\\\/03\\\/bg2014-Personalizado-1.png\",\"width\":300,\"height\":56,\"caption\":\"Balaguer & Guti\u00e9rrez SL\"},\"image\":{\"@id\":\"https:\\\/\\\/balaguergutierrez.es\\\/#\\\/schema\\\/logo\\\/image\\\/\"},\"sameAs\":[\"https:\\\/\\\/www.facebook.com\\\/balaguergutierrezcs\\\/\",\"https:\\\/\\\/www.instagram.com\\\/balaguergutierrezsl\\\/\"]},{\"@type\":\"Person\",\"@id\":\"https:\\\/\\\/balaguergutierrez.es\\\/#\\\/schema\\\/person\\\/d9f10607ee7f5a76d713b12c59e16f06\",\"name\":\"Balaguer guti\u00e9rrez\",\"sameAs\":[\"https:\\\/\\\/balaguergutierrez.es\"],\"url\":\"https:\\\/\\\/balaguergutierrez.es\\\/index.php\\\/author\\\/root_jz69qmt7\\\/\"}]}<\/script>\n<!-- \/ Yoast SEO plugin. -->","yoast_head_json":{"title":"Riesgos clim\u00e1ticos en Baleares \u2013 \u00bfTu seguro lo contempla?","description":"Vivienda, negocio o empresa en Palma de Mallorca\/Baleares: descubre c\u00f3mo actualizar tu seguro frente a lluvias, vientos e inundaciones","robots":{"index":"index","follow":"follow","max-snippet":"max-snippet:-1","max-image-preview":"max-image-preview:large","max-video-preview":"max-video-preview:-1"},"canonical":"https:\/\/balaguergutierrez.es\/index.php\/2025\/10\/22\/como-proteger-tu-patrimonio-frente-a-fenomenos-climaticos-extremos\/","og_locale":"es_ES","og_type":"article","og_title":"Riesgos clim\u00e1ticos en Baleares \u2013 \u00bfTu seguro lo contempla?","og_description":"Vivienda, negocio o empresa en Palma de Mallorca\/Baleares: descubre c\u00f3mo actualizar tu seguro frente a lluvias, vientos e inundaciones","og_url":"https:\/\/balaguergutierrez.es\/index.php\/2025\/10\/22\/como-proteger-tu-patrimonio-frente-a-fenomenos-climaticos-extremos\/","og_site_name":"balaguergutierrez.es","article_publisher":"https:\/\/www.facebook.com\/balaguergutierrezcs\/","article_published_time":"2025-10-22T17:52:55+00:00","article_modified_time":"2025-10-22T17:52:56+00:00","og_image":[{"width":1024,"height":683,"url":"https:\/\/balaguergutierrez.es\/wp-content\/uploads\/2025\/10\/riesgos\u2011climaticos\u2011baleares\u2011seguro.webp","type":"image\/webp"}],"author":"Balaguer guti\u00e9rrez","twitter_misc":{"Escrito por":"Balaguer guti\u00e9rrez","Tiempo de lectura":"3 minutos"},"schema":{"@context":"https:\/\/schema.org","@graph":[{"@type":"Article","@id":"https:\/\/balaguergutierrez.es\/index.php\/2025\/10\/22\/como-proteger-tu-patrimonio-frente-a-fenomenos-climaticos-extremos\/#article","isPartOf":{"@id":"https:\/\/balaguergutierrez.es\/index.php\/2025\/10\/22\/como-proteger-tu-patrimonio-frente-a-fenomenos-climaticos-extremos\/"},"author":{"name":"Balaguer guti\u00e9rrez","@id":"https:\/\/balaguergutierrez.es\/#\/schema\/person\/d9f10607ee7f5a76d713b12c59e16f06"},"headline":"C\u00f3mo proteger tu patrimonio frente a fen\u00f3menos clim\u00e1ticos extremos","datePublished":"2025-10-22T17:52:55+00:00","dateModified":"2025-10-22T17:52:56+00:00","mainEntityOfPage":{"@id":"https:\/\/balaguergutierrez.es\/index.php\/2025\/10\/22\/como-proteger-tu-patrimonio-frente-a-fenomenos-climaticos-extremos\/"},"wordCount":443,"publisher":{"@id":"https:\/\/balaguergutierrez.es\/#organization"},"image":{"@id":"https:\/\/balaguergutierrez.es\/index.php\/2025\/10\/22\/como-proteger-tu-patrimonio-frente-a-fenomenos-climaticos-extremos\/#primaryimage"},"thumbnailUrl":"https:\/\/balaguergutierrez.es\/wp-content\/uploads\/2025\/10\/riesgos\u2011climaticos\u2011baleares\u2011seguro.webp","keywords":["Baleares","cambio clim\u00e1tico","Palma de Mallorca","riesgos clim\u00e1ticos","seguro empresa","seguro hogar"],"articleSection":["Seguro de Comercio","Seguro de la Empresa","Seguro del hogar"],"inLanguage":"es"},{"@type":"WebPage","@id":"https:\/\/balaguergutierrez.es\/index.php\/2025\/10\/22\/como-proteger-tu-patrimonio-frente-a-fenomenos-climaticos-extremos\/","url":"https:\/\/balaguergutierrez.es\/index.php\/2025\/10\/22\/como-proteger-tu-patrimonio-frente-a-fenomenos-climaticos-extremos\/","name":"Riesgos clim\u00e1ticos en Baleares \u2013 \u00bfTu seguro lo contempla?","isPartOf":{"@id":"https:\/\/balaguergutierrez.es\/#website"},"primaryImageOfPage":{"@id":"https:\/\/balaguergutierrez.es\/index.php\/2025\/10\/22\/como-proteger-tu-patrimonio-frente-a-fenomenos-climaticos-extremos\/#primaryimage"},"image":{"@id":"https:\/\/balaguergutierrez.es\/index.php\/2025\/10\/22\/como-proteger-tu-patrimonio-frente-a-fenomenos-climaticos-extremos\/#primaryimage"},"thumbnailUrl":"https:\/\/balaguergutierrez.es\/wp-content\/uploads\/2025\/10\/riesgos\u2011climaticos\u2011baleares\u2011seguro.webp","datePublished":"2025-10-22T17:52:55+00:00","dateModified":"2025-10-22T17:52:56+00:00","description":"Vivienda, negocio o empresa en Palma de Mallorca\/Baleares: descubre c\u00f3mo actualizar tu seguro frente a lluvias, vientos e inundaciones","breadcrumb":{"@id":"https:\/\/balaguergutierrez.es\/index.php\/2025\/10\/22\/como-proteger-tu-patrimonio-frente-a-fenomenos-climaticos-extremos\/#breadcrumb"},"inLanguage":"es","potentialAction":[{"@type":"ReadAction","target":["https:\/\/balaguergutierrez.es\/index.php\/2025\/10\/22\/como-proteger-tu-patrimonio-frente-a-fenomenos-climaticos-extremos\/"]}]},{"@type":"ImageObject","inLanguage":"es","@id":"https:\/\/balaguergutierrez.es\/index.php\/2025\/10\/22\/como-proteger-tu-patrimonio-frente-a-fenomenos-climaticos-extremos\/#primaryimage","url":"https:\/\/balaguergutierrez.es\/wp-content\/uploads\/2025\/10\/riesgos\u2011climaticos\u2011baleares\u2011seguro.webp","contentUrl":"https:\/\/balaguergutierrez.es\/wp-content\/uploads\/2025\/10\/riesgos\u2011climaticos\u2011baleares\u2011seguro.webp","width":1024,"height":683,"caption":"Edificio costero en Palma de Mallorca bajo cielo tormentoso con canal\u00f3n da\u00f1ado"},{"@type":"BreadcrumbList","@id":"https:\/\/balaguergutierrez.es\/index.php\/2025\/10\/22\/como-proteger-tu-patrimonio-frente-a-fenomenos-climaticos-extremos\/#breadcrumb","itemListElement":[{"@type":"ListItem","position":1,"name":"Portada","item":"https:\/\/balaguergutierrez.es\/"},{"@type":"ListItem","position":2,"name":"C\u00f3mo proteger tu patrimonio frente a fen\u00f3menos clim\u00e1ticos extremos"}]},{"@type":"WebSite","@id":"https:\/\/balaguergutierrez.es\/#website","url":"https:\/\/balaguergutierrez.es\/","name":"Balaguer & Guti\u00e9rrez, Corredur\u00eda de Seguros","description":"Aseguramos lo que de verdad importa","publisher":{"@id":"https:\/\/balaguergutierrez.es\/#organization"},"potentialAction":[{"@type":"SearchAction","target":{"@type":"EntryPoint","urlTemplate":"https:\/\/balaguergutierrez.es\/?s={search_term_string}"},"query-input":{"@type":"PropertyValueSpecification","valueRequired":true,"valueName":"search_term_string"}}],"inLanguage":"es"},{"@type":"Organization","@id":"https:\/\/balaguergutierrez.es\/#organization","name":"Balaguer & Guti\u00e9rrez SL","url":"https:\/\/balaguergutierrez.es\/","logo":{"@type":"ImageObject","inLanguage":"es","@id":"https:\/\/balaguergutierrez.es\/#\/schema\/logo\/image\/","url":"https:\/\/balaguergutierrez.es\/wp-content\/uploads\/2023\/03\/bg2014-Personalizado-1.png","contentUrl":"https:\/\/balaguergutierrez.es\/wp-content\/uploads\/2023\/03\/bg2014-Personalizado-1.png","width":300,"height":56,"caption":"Balaguer & Guti\u00e9rrez SL"},"image":{"@id":"https:\/\/balaguergutierrez.es\/#\/schema\/logo\/image\/"},"sameAs":["https:\/\/www.facebook.com\/balaguergutierrezcs\/","https:\/\/www.instagram.com\/balaguergutierrezsl\/"]},{"@type":"Person","@id":"https:\/\/balaguergutierrez.es\/#\/schema\/person\/d9f10607ee7f5a76d713b12c59e16f06","name":"Balaguer guti\u00e9rrez","sameAs":["https:\/\/balaguergutierrez.es"],"url":"https:\/\/balaguergutierrez.es\/index.php\/author\/root_jz69qmt7\/"}]}},"_links":{"self":[{"href":"https:\/\/balaguergutierrez.es\/index.php\/wp-json\/wp\/v2\/posts\/1262","targetHints":{"allow":["GET"]}}],"collection":[{"href":"https:\/\/balaguergutierrez.es\/index.php\/wp-json\/wp\/v2\/posts"}],"about":[{"href":"https:\/\/balaguergutierrez.es\/index.php\/wp-json\/wp\/v2\/types\/post"}],"author":[{"embeddable":true,"href":"https:\/\/balaguergutierrez.es\/index.php\/wp-json\/wp\/v2\/users\/1"}],"replies":[{"embeddable":true,"href":"https:\/\/balaguergutierrez.es\/index.php\/wp-json\/wp\/v2\/comments?post=1262"}],"version-history":[{"count":1,"href":"https:\/\/balaguergutierrez.es\/index.php\/wp-json\/wp\/v2\/posts\/1262\/revisions"}],"predecessor-version":[{"id":1263,"href":"https:\/\/balaguergutierrez.es\/index.php\/wp-json\/wp\/v2\/posts\/1262\/revisions\/1263"}],"wp:featuredmedia":[{"embeddable":true,"href":"https:\/\/balaguergutierrez.es\/index.php\/wp-json\/wp\/v2\/media\/1247"}],"wp:attachment":[{"href":"https:\/\/balaguergutierrez.es\/index.php\/wp-json\/wp\/v2\/media?parent=1262"}],"wp:term":[{"taxonomy":"category","embeddable":true,"href":"https:\/\/balaguergutierrez.es\/index.php\/wp-json\/wp\/v2\/categories?post=1262"},{"taxonomy":"post_tag","embeddable":true,"href":"https:\/\/balaguergutierrez.es\/index.php\/wp-json\/wp\/v2\/tags?post=1262"}],"curies":[{"name":"wp","href":"https:\/\/api.w.org\/{rel}","templated":true}]}}