{"id":1264,"date":"2025-10-29T12:00:00","date_gmt":"2025-10-29T11:00:00","guid":{"rendered":"https:\/\/balaguergutierrez.es\/?p=1264"},"modified":"2025-10-22T19:05:07","modified_gmt":"2025-10-22T18:05:07","slug":"proteccion-integral-para-tu-vida-tu-negocio-y-tu-patrimonio","status":"publish","type":"post","link":"https:\/\/balaguergutierrez.es\/index.php\/2025\/10\/29\/proteccion-integral-para-tu-vida-tu-negocio-y-tu-patrimonio\/","title":{"rendered":"Protecci\u00f3n integral para tu vida, tu negocio y tu patrimonio"},"content":{"rendered":"<div class=\"wp-block-image is-style-rounded\">\n<figure class=\"aligncenter size-large is-resized\"><img loading=\"lazy\" decoding=\"async\" width=\"1024\" height=\"682\" sizes=\"auto, (max-width: 1024px) 100vw, 1024px\" src=\"https:\/\/balaguergutierrez.es\/wp-content\/uploads\/2025\/10\/proteccion-vida-salud-empresa-1024x682.webp\" alt=\"Familia y empresario en Baleares conversando con un corredor de seguros en oficina moderna\" class=\"wp-image-1251\" style=\"object-fit:cover;width:700px;height:300px\" srcset=\"https:\/\/balaguergutierrez.es\/wp-content\/uploads\/2025\/10\/proteccion-vida-salud-empresa-1024x682.webp 1024w, https:\/\/balaguergutierrez.es\/wp-content\/uploads\/2025\/10\/proteccion-vida-salud-empresa-300x200.webp 300w, https:\/\/balaguergutierrez.es\/wp-content\/uploads\/2025\/10\/proteccion-vida-salud-empresa-768x512.webp 768w, https:\/\/balaguergutierrez.es\/wp-content\/uploads\/2025\/10\/proteccion-vida-salud-empresa.webp 1250w\" \/><\/figure>\n<\/div>\n\n\n<p>Vivir en Palma o tener un negocio en Baleares tiene muchas ventajas: la brisa mediterr\u00e1nea, el sol casi todo el a\u00f1o y un estilo de vida envidiable. Pero tambi\u00e9n significa que <strong>tu patrimonio, tu salud y tu empresa<\/strong> necesitan una protecci\u00f3n a la altura. Como corredor de seguros, te explico c\u00f3mo podemos ayudarte a cubrir tres grandes \u00e1reas, para particulares, aut\u00f3nomos y empresas, de forma personalizada, profesional y sin acudir directamente a bancos o compa\u00f1\u00edas donde muchas veces \u201cla p\u00f3liza gen\u00e9rica\u201d se convierte en vac\u00edo.<\/p>\n\n\n\n<ul class=\"wp-block-list\">\n<li><strong>Particulares: vida, salud y hogar<\/strong>: seguridad para ti y los tuyos\u00a0La demanda de seguros de vida y salud est\u00e1 al alza en Espa\u00f1a: los ciudadanos son cada vez m\u00e1s conscientes de que <strong>la mejor inversi\u00f3n es la que no se ve<\/strong>: una cobertura adecuada. En esta \u00e1rea te ofrecemos:\n<ul class=\"wp-block-list\">\n<li><strong><a href=\"https:\/\/balaguergutierrez.es\/index.php\/seguro-de-vida\/\">Seguro de vida\u2011riesgo<\/a><\/strong> \u2014 para que tu familia mantenga su nivel de vida si t\u00fa faltas.<\/li>\n\n\n\n<li><strong><a href=\"https:\/\/balaguergutierrez.es\/index.php\/salud\/\">Seguro de salud<\/a><\/strong> \u2014 adaptado a Baleares, con cobertura asistencial, hospitalizaci\u00f3n, pruebas, etc.<\/li>\n\n\n\n<li><strong><a href=\"https:\/\/balaguergutierrez.es\/index.php\/seguro-de-hogar\/\">Seguro de hogar<\/a><\/strong> \u2014 que incluya no solo incendios o robos, sino tambi\u00e9n fen\u00f3menos propios de la zona (vientos fuertes, lluvia intensa, da\u00f1os por agua) y responsabilidad civil por tu vivienda en comunidad.<\/li>\n<\/ul>\n<\/li>\n<\/ul>\n\n\n\n<p class=\"has-text-align-center\"><em>Imagina una pareja joven que acaba de comprar un piso en Palma. Con nuestra asesor\u00eda definimos una p\u00f3liza de vida\u2011riesgo, una de salud con buen cuadro m\u00e9dico en Baleares y una de hogar que contempla las coberturas necesarias. Todo junto, gestionado por nosotros como corredur\u00eda, con comparativa real entre aseguradoras, sin que tengan que llamar al banco o firmar algo \u201cporque viene con la hipoteca\u201d.\u00a0<\/em><\/p>\n\n\n\n<ul class=\"wp-block-list\">\n<li><strong>Aut\u00f3nomos y micropymes:<\/strong> protecci\u00f3n flexible para emprender con tranquilidad.\u00a0Los aut\u00f3nomos y peque\u00f1as empresas en Baleares enfrentan retos \u00fanicos: estacionalidad, turismo, ubicaci\u00f3n costera, cambios normativos. Es crucial que las p\u00f3lizas se adapten a esa realidad.\n<ul class=\"wp-block-list\">\n<li><a href=\"https:\/\/balaguergutierrez.es\/index.php\/seguro-para-comercios-y-oficinas\/\"><strong>Multirriesgo para negocio<\/strong><\/a> \u2014 da\u00f1os materiales, interrupci\u00f3n de actividad, responsabilidad civil.<\/li>\n\n\n\n<li><a href=\"https:\/\/balaguergutierrez.es\/index.php\/seguro-de-ciberriesgos\/\"><strong>Ciberseguro<\/strong><\/a> \u2014 un sector poco cubierto a\u00fan, pero con riesgo creciente seg\u00fan los informes globales.<\/li>\n\n\n\n<li><a href=\"https:\/\/balaguergutierrez.es\/index.php\/seguro-de-vida\/\"><strong>Vida\u2011riesgo empresarial \/ colectivo<\/strong><\/a> \u2014 para socios, directivos o como parte del plan de fidelizaci\u00f3n de personal.<\/li>\n<\/ul>\n<\/li>\n<\/ul>\n\n\n\n<p class=\"has-text-align-center\"><em>Un restaurante que necesita cobertura para su local, da\u00f1os por agua, robo, responsabilidad a clientes, y adem\u00e1s quiere un seguro de vida para el gerente clave de la empresa. Nosotros dise\u00f1amos un paquete que combina todas esas coberturas, negociamos condiciones, hablamos contigo y con las compa\u00f1\u00edas, desde la independencia.<\/em><\/p>\n\n\n\n<ul class=\"wp-block-list\">\n<li><strong>Empresas y grandes patrimonios: <\/strong>protecci\u00f3n global y construcci\u00f3n del ma\u00f1ana\u00a0Para empresas medianas y grandes patrimonios en Baleares, la complejidad es mayor: estructuras m\u00e1s amplias, riesgo de continuidad, responsabilidad civil profesional, ciberamenazas, seguros de vida de altos capitales. El mercado espa\u00f1ol lo refleja: crecimiento moderado pero con gran necesidad de personalizaci\u00f3n.\n<ul class=\"wp-block-list\">\n<li><strong><a href=\"https:\/\/balaguergutierrez.es\/index.php\/seguro-pymes\/\">Seguro de da\u00f1os y continuidad de negocio<\/a><\/strong> \u2014 incluyendo riesgo clim\u00e1tico, vientos intensos, da\u00f1os por agua, ubicaci\u00f3n costera.<\/li>\n\n\n\n<li><strong><a href=\"https:\/\/balaguergutierrez.es\/index.php\/responsabilidad-civil\/\">Responsabilidad civil profesional<\/a><\/strong> \u2014 para directivos, administradores, empresas de servicios, nuevas tecnolog\u00edas.<\/li>\n\n\n\n<li><strong><a href=\"https:\/\/balaguergutierrez.es\/index.php\/seguros-de-salud-de-empresa\/\">Seguro de salud de alto nivel para ejecutivos<\/a><\/strong> \u2014 acceso global, hospitales internacionales, cobertura expatriados.<\/li>\n\n\n\n<li><strong><a href=\"https:\/\/balaguergutierrez.es\/index.php\/seguro-de-vida\/\">Planes de vida\u2011riesgo patrimonial<\/a><\/strong> \u2014 para grandes fortunas, propiedades en Baleares y fuera, planeamiento sucesorio y protecci\u00f3n de la familia.<\/li>\n<\/ul>\n<\/li>\n<\/ul>\n\n\n\n<p class=\"has-text-align-center\"><em>Una empresa de construcci\u00f3n con sede en Mallorca, proyecto internacional, con directivos desplazados y maquinaria costera. Necesita un seguro de da\u00f1os amplio, un ciber\u2011seguro, vida ejecutiva y salud global. Como corredores, analizamos todas las l\u00edneas, negociamos con los aseguradores y presentamos una soluci\u00f3n unificada.<\/em><\/p>\n\n\n\n<p class=\"has-text-align-center\">Para tratar estos temas, siempre es mejor concertar una cita. \u00bfhablamos?<\/p>\n\n\n\n<div class=\"wp-block-buttons is-content-justification-center is-layout-flex wp-container-core-buttons-is-layout-16018d1d wp-block-buttons-is-layout-flex\">\n<div class=\"wp-block-button\"><a class=\"wp-block-button__link has-white-color has-vivid-red-background-color has-text-color has-background has-link-color wp-element-button\" href=\"https:\/\/outlook.office.com\/bookwithme\/user\/d067cf286ea94ad79a1915b27c53db14@balaguergutierrez.com?anonymous&amp;ismsaljsauthenabled&amp;ep=plink\" target=\"_blank\" rel=\"noreferrer noopener\">Solicita una cita<\/a><\/div>\n<\/div>\n","protected":false},"excerpt":{"rendered":"<p>Vivir en Palma o tener un negocio en Baleares tiene muchas ventajas: la brisa mediterr\u00e1nea, el sol casi todo el a\u00f1o y un estilo de vida envidiable. Pero tambi\u00e9n significa que tu patrimonio, tu salud y tu empresa necesitan una<\/p>\n","protected":false},"author":1,"featured_media":1251,"comment_status":"closed","ping_status":"closed","sticky":false,"template":"","format":"standard","meta":{"footnotes":""},"categories":[33,32,46,45,41,86,31,44,36,38,39,40,35],"tags":[117,139,138,116,137,136],"class_list":["post-1264","post","type-post","status-publish","format-standard","has-post-thumbnail","hentry","category-autonomos","category-embarcaciones-de-recreo","category-impago-de-alquileres","category-seguro-de-ciber-riesgos","category-seguro-de-comercio","category-seguro-de-dependencia","category-seguros-para-empresas","category-seguro-de-responsabilidad-civil","category-seguro-de-salud","category-seguro-de-vida","category-seguro-del-automovil","category-seguro-del-hogar","category-seguro-medico-empresas","tag-baleares","tag-correduria-de-seguros","tag-multirriesgo-empresa","tag-palma-de-mallorca","tag-seguro-salud","tag-seguros-vida","","tg-column-third"],"yoast_head":"<!-- This site is optimized with the Yoast SEO plugin v27.4 - https:\/\/yoast.com\/product\/yoast-seo-wordpress\/ -->\n<title>balaguergutierrez.es Protecci\u00f3n integral en Baleares: vida, salud y empresa<\/title>\n<meta name=\"description\" content=\"Descubre c\u00f3mo en Baleares podemos proteger tu vida, salud, negocio y patrimonio con un corredor de seguros independiente.\" \/>\n<meta name=\"robots\" content=\"index, follow, max-snippet:-1, max-image-preview:large, max-video-preview:-1\" \/>\n<link rel=\"canonical\" href=\"https:\/\/balaguergutierrez.es\/index.php\/2025\/10\/29\/proteccion-integral-para-tu-vida-tu-negocio-y-tu-patrimonio\/\" \/>\n<meta property=\"og:locale\" content=\"es_ES\" \/>\n<meta property=\"og:type\" content=\"article\" \/>\n<meta property=\"og:title\" content=\"balaguergutierrez.es Protecci\u00f3n integral en Baleares: vida, salud y empresa\" \/>\n<meta property=\"og:description\" content=\"Descubre c\u00f3mo en Baleares podemos proteger tu vida, salud, negocio y patrimonio con un corredor de seguros independiente.\" \/>\n<meta property=\"og:url\" content=\"https:\/\/balaguergutierrez.es\/index.php\/2025\/10\/29\/proteccion-integral-para-tu-vida-tu-negocio-y-tu-patrimonio\/\" \/>\n<meta property=\"og:site_name\" content=\"balaguergutierrez.es\" \/>\n<meta property=\"article:publisher\" content=\"https:\/\/www.facebook.com\/balaguergutierrezcs\/\" \/>\n<meta property=\"article:published_time\" content=\"2025-10-29T11:00:00+00:00\" \/>\n<meta property=\"og:image\" content=\"https:\/\/balaguergutierrez.es\/wp-content\/uploads\/2025\/10\/proteccion-vida-salud-empresa.webp\" \/>\n\t<meta property=\"og:image:width\" content=\"1250\" \/>\n\t<meta property=\"og:image:height\" content=\"833\" \/>\n\t<meta property=\"og:image:type\" content=\"image\/webp\" \/>\n<meta name=\"author\" content=\"Balaguer guti\u00e9rrez\" \/>\n<meta name=\"twitter:label1\" content=\"Escrito por\" \/>\n\t<meta name=\"twitter:data1\" content=\"Balaguer guti\u00e9rrez\" \/>\n\t<meta name=\"twitter:label2\" content=\"Tiempo de lectura\" \/>\n\t<meta name=\"twitter:data2\" content=\"3 minutos\" \/>\n<script type=\"application\/ld+json\" class=\"yoast-schema-graph\">{\"@context\":\"https:\\\/\\\/schema.org\",\"@graph\":[{\"@type\":\"Article\",\"@id\":\"https:\\\/\\\/balaguergutierrez.es\\\/index.php\\\/2025\\\/10\\\/29\\\/proteccion-integral-para-tu-vida-tu-negocio-y-tu-patrimonio\\\/#article\",\"isPartOf\":{\"@id\":\"https:\\\/\\\/balaguergutierrez.es\\\/index.php\\\/2025\\\/10\\\/29\\\/proteccion-integral-para-tu-vida-tu-negocio-y-tu-patrimonio\\\/\"},\"author\":{\"name\":\"Balaguer guti\u00e9rrez\",\"@id\":\"https:\\\/\\\/balaguergutierrez.es\\\/#\\\/schema\\\/person\\\/d9f10607ee7f5a76d713b12c59e16f06\"},\"headline\":\"Protecci\u00f3n integral para tu vida, tu negocio y tu patrimonio\",\"datePublished\":\"2025-10-29T11:00:00+00:00\",\"mainEntityOfPage\":{\"@id\":\"https:\\\/\\\/balaguergutierrez.es\\\/index.php\\\/2025\\\/10\\\/29\\\/proteccion-integral-para-tu-vida-tu-negocio-y-tu-patrimonio\\\/\"},\"wordCount\":620,\"publisher\":{\"@id\":\"https:\\\/\\\/balaguergutierrez.es\\\/#organization\"},\"image\":{\"@id\":\"https:\\\/\\\/balaguergutierrez.es\\\/index.php\\\/2025\\\/10\\\/29\\\/proteccion-integral-para-tu-vida-tu-negocio-y-tu-patrimonio\\\/#primaryimage\"},\"thumbnailUrl\":\"https:\\\/\\\/balaguergutierrez.es\\\/wp-content\\\/uploads\\\/2025\\\/10\\\/proteccion-vida-salud-empresa.webp\",\"keywords\":[\"Baleares\",\"corredur\u00eda de seguros\",\"multirriesgo empresa\",\"Palma de Mallorca\",\"seguro salud\",\"seguros vida\"],\"articleSection\":[\"Aut\u00f3nomos\",\"Embarcaciones de Recreo\",\"Impago de Alquileres\",\"Seguro de Ciber-riesgos\",\"Seguro de Comercio\",\"Seguro de Dependencia\",\"Seguro de la Empresa\",\"Seguro de Responsabilidad Civil\",\"Seguro de Salud\",\"Seguro de Vida\",\"Seguro del Autom\u00f3vil\",\"Seguro del hogar\",\"Seguro M\u00e9dico Empresas\"],\"inLanguage\":\"es\"},{\"@type\":\"WebPage\",\"@id\":\"https:\\\/\\\/balaguergutierrez.es\\\/index.php\\\/2025\\\/10\\\/29\\\/proteccion-integral-para-tu-vida-tu-negocio-y-tu-patrimonio\\\/\",\"url\":\"https:\\\/\\\/balaguergutierrez.es\\\/index.php\\\/2025\\\/10\\\/29\\\/proteccion-integral-para-tu-vida-tu-negocio-y-tu-patrimonio\\\/\",\"name\":\"balaguergutierrez.es Protecci\u00f3n integral en Baleares: vida, salud y empresa\",\"isPartOf\":{\"@id\":\"https:\\\/\\\/balaguergutierrez.es\\\/#website\"},\"primaryImageOfPage\":{\"@id\":\"https:\\\/\\\/balaguergutierrez.es\\\/index.php\\\/2025\\\/10\\\/29\\\/proteccion-integral-para-tu-vida-tu-negocio-y-tu-patrimonio\\\/#primaryimage\"},\"image\":{\"@id\":\"https:\\\/\\\/balaguergutierrez.es\\\/index.php\\\/2025\\\/10\\\/29\\\/proteccion-integral-para-tu-vida-tu-negocio-y-tu-patrimonio\\\/#primaryimage\"},\"thumbnailUrl\":\"https:\\\/\\\/balaguergutierrez.es\\\/wp-content\\\/uploads\\\/2025\\\/10\\\/proteccion-vida-salud-empresa.webp\",\"datePublished\":\"2025-10-29T11:00:00+00:00\",\"description\":\"Descubre c\u00f3mo en Baleares podemos proteger tu vida, salud, negocio y patrimonio con un corredor de seguros independiente.\",\"breadcrumb\":{\"@id\":\"https:\\\/\\\/balaguergutierrez.es\\\/index.php\\\/2025\\\/10\\\/29\\\/proteccion-integral-para-tu-vida-tu-negocio-y-tu-patrimonio\\\/#breadcrumb\"},\"inLanguage\":\"es\",\"potentialAction\":[{\"@type\":\"ReadAction\",\"target\":[\"https:\\\/\\\/balaguergutierrez.es\\\/index.php\\\/2025\\\/10\\\/29\\\/proteccion-integral-para-tu-vida-tu-negocio-y-tu-patrimonio\\\/\"]}]},{\"@type\":\"ImageObject\",\"inLanguage\":\"es\",\"@id\":\"https:\\\/\\\/balaguergutierrez.es\\\/index.php\\\/2025\\\/10\\\/29\\\/proteccion-integral-para-tu-vida-tu-negocio-y-tu-patrimonio\\\/#primaryimage\",\"url\":\"https:\\\/\\\/balaguergutierrez.es\\\/wp-content\\\/uploads\\\/2025\\\/10\\\/proteccion-vida-salud-empresa.webp\",\"contentUrl\":\"https:\\\/\\\/balaguergutierrez.es\\\/wp-content\\\/uploads\\\/2025\\\/10\\\/proteccion-vida-salud-empresa.webp\",\"width\":1250,\"height\":833,\"caption\":\"Familia y empresario en Baleares conversando con un corredor de seguros en oficina moderna\"},{\"@type\":\"BreadcrumbList\",\"@id\":\"https:\\\/\\\/balaguergutierrez.es\\\/index.php\\\/2025\\\/10\\\/29\\\/proteccion-integral-para-tu-vida-tu-negocio-y-tu-patrimonio\\\/#breadcrumb\",\"itemListElement\":[{\"@type\":\"ListItem\",\"position\":1,\"name\":\"Portada\",\"item\":\"https:\\\/\\\/balaguergutierrez.es\\\/\"},{\"@type\":\"ListItem\",\"position\":2,\"name\":\"Protecci\u00f3n integral para tu vida, tu negocio y tu patrimonio\"}]},{\"@type\":\"WebSite\",\"@id\":\"https:\\\/\\\/balaguergutierrez.es\\\/#website\",\"url\":\"https:\\\/\\\/balaguergutierrez.es\\\/\",\"name\":\"Balaguer & Guti\u00e9rrez, Corredur\u00eda de Seguros\",\"description\":\"Aseguramos lo que de verdad importa\",\"publisher\":{\"@id\":\"https:\\\/\\\/balaguergutierrez.es\\\/#organization\"},\"potentialAction\":[{\"@type\":\"SearchAction\",\"target\":{\"@type\":\"EntryPoint\",\"urlTemplate\":\"https:\\\/\\\/balaguergutierrez.es\\\/?s={search_term_string}\"},\"query-input\":{\"@type\":\"PropertyValueSpecification\",\"valueRequired\":true,\"valueName\":\"search_term_string\"}}],\"inLanguage\":\"es\"},{\"@type\":\"Organization\",\"@id\":\"https:\\\/\\\/balaguergutierrez.es\\\/#organization\",\"name\":\"Balaguer & Guti\u00e9rrez SL\",\"url\":\"https:\\\/\\\/balaguergutierrez.es\\\/\",\"logo\":{\"@type\":\"ImageObject\",\"inLanguage\":\"es\",\"@id\":\"https:\\\/\\\/balaguergutierrez.es\\\/#\\\/schema\\\/logo\\\/image\\\/\",\"url\":\"https:\\\/\\\/balaguergutierrez.es\\\/wp-content\\\/uploads\\\/2023\\\/03\\\/bg2014-Personalizado-1.png\",\"contentUrl\":\"https:\\\/\\\/balaguergutierrez.es\\\/wp-content\\\/uploads\\\/2023\\\/03\\\/bg2014-Personalizado-1.png\",\"width\":300,\"height\":56,\"caption\":\"Balaguer & Guti\u00e9rrez SL\"},\"image\":{\"@id\":\"https:\\\/\\\/balaguergutierrez.es\\\/#\\\/schema\\\/logo\\\/image\\\/\"},\"sameAs\":[\"https:\\\/\\\/www.facebook.com\\\/balaguergutierrezcs\\\/\",\"https:\\\/\\\/www.instagram.com\\\/balaguergutierrezsl\\\/\"]},{\"@type\":\"Person\",\"@id\":\"https:\\\/\\\/balaguergutierrez.es\\\/#\\\/schema\\\/person\\\/d9f10607ee7f5a76d713b12c59e16f06\",\"name\":\"Balaguer guti\u00e9rrez\",\"sameAs\":[\"https:\\\/\\\/balaguergutierrez.es\"],\"url\":\"https:\\\/\\\/balaguergutierrez.es\\\/index.php\\\/author\\\/root_jz69qmt7\\\/\"}]}<\/script>\n<!-- \/ Yoast SEO plugin. -->","yoast_head_json":{"title":"balaguergutierrez.es Protecci\u00f3n integral en Baleares: vida, salud y empresa","description":"Descubre c\u00f3mo en Baleares podemos proteger tu vida, salud, negocio y patrimonio con un corredor de seguros independiente.","robots":{"index":"index","follow":"follow","max-snippet":"max-snippet:-1","max-image-preview":"max-image-preview:large","max-video-preview":"max-video-preview:-1"},"canonical":"https:\/\/balaguergutierrez.es\/index.php\/2025\/10\/29\/proteccion-integral-para-tu-vida-tu-negocio-y-tu-patrimonio\/","og_locale":"es_ES","og_type":"article","og_title":"balaguergutierrez.es Protecci\u00f3n integral en Baleares: vida, salud y empresa","og_description":"Descubre c\u00f3mo en Baleares podemos proteger tu vida, salud, negocio y patrimonio con un corredor de seguros independiente.","og_url":"https:\/\/balaguergutierrez.es\/index.php\/2025\/10\/29\/proteccion-integral-para-tu-vida-tu-negocio-y-tu-patrimonio\/","og_site_name":"balaguergutierrez.es","article_publisher":"https:\/\/www.facebook.com\/balaguergutierrezcs\/","article_published_time":"2025-10-29T11:00:00+00:00","og_image":[{"width":1250,"height":833,"url":"https:\/\/balaguergutierrez.es\/wp-content\/uploads\/2025\/10\/proteccion-vida-salud-empresa.webp","type":"image\/webp"}],"author":"Balaguer guti\u00e9rrez","twitter_misc":{"Escrito por":"Balaguer guti\u00e9rrez","Tiempo de lectura":"3 minutos"},"schema":{"@context":"https:\/\/schema.org","@graph":[{"@type":"Article","@id":"https:\/\/balaguergutierrez.es\/index.php\/2025\/10\/29\/proteccion-integral-para-tu-vida-tu-negocio-y-tu-patrimonio\/#article","isPartOf":{"@id":"https:\/\/balaguergutierrez.es\/index.php\/2025\/10\/29\/proteccion-integral-para-tu-vida-tu-negocio-y-tu-patrimonio\/"},"author":{"name":"Balaguer guti\u00e9rrez","@id":"https:\/\/balaguergutierrez.es\/#\/schema\/person\/d9f10607ee7f5a76d713b12c59e16f06"},"headline":"Protecci\u00f3n integral para tu vida, tu negocio y tu patrimonio","datePublished":"2025-10-29T11:00:00+00:00","mainEntityOfPage":{"@id":"https:\/\/balaguergutierrez.es\/index.php\/2025\/10\/29\/proteccion-integral-para-tu-vida-tu-negocio-y-tu-patrimonio\/"},"wordCount":620,"publisher":{"@id":"https:\/\/balaguergutierrez.es\/#organization"},"image":{"@id":"https:\/\/balaguergutierrez.es\/index.php\/2025\/10\/29\/proteccion-integral-para-tu-vida-tu-negocio-y-tu-patrimonio\/#primaryimage"},"thumbnailUrl":"https:\/\/balaguergutierrez.es\/wp-content\/uploads\/2025\/10\/proteccion-vida-salud-empresa.webp","keywords":["Baleares","corredur\u00eda de seguros","multirriesgo empresa","Palma de Mallorca","seguro salud","seguros vida"],"articleSection":["Aut\u00f3nomos","Embarcaciones de Recreo","Impago de Alquileres","Seguro de Ciber-riesgos","Seguro de Comercio","Seguro de Dependencia","Seguro de la Empresa","Seguro de Responsabilidad Civil","Seguro de Salud","Seguro de Vida","Seguro del Autom\u00f3vil","Seguro del hogar","Seguro M\u00e9dico Empresas"],"inLanguage":"es"},{"@type":"WebPage","@id":"https:\/\/balaguergutierrez.es\/index.php\/2025\/10\/29\/proteccion-integral-para-tu-vida-tu-negocio-y-tu-patrimonio\/","url":"https:\/\/balaguergutierrez.es\/index.php\/2025\/10\/29\/proteccion-integral-para-tu-vida-tu-negocio-y-tu-patrimonio\/","name":"balaguergutierrez.es Protecci\u00f3n integral en Baleares: vida, salud y empresa","isPartOf":{"@id":"https:\/\/balaguergutierrez.es\/#website"},"primaryImageOfPage":{"@id":"https:\/\/balaguergutierrez.es\/index.php\/2025\/10\/29\/proteccion-integral-para-tu-vida-tu-negocio-y-tu-patrimonio\/#primaryimage"},"image":{"@id":"https:\/\/balaguergutierrez.es\/index.php\/2025\/10\/29\/proteccion-integral-para-tu-vida-tu-negocio-y-tu-patrimonio\/#primaryimage"},"thumbnailUrl":"https:\/\/balaguergutierrez.es\/wp-content\/uploads\/2025\/10\/proteccion-vida-salud-empresa.webp","datePublished":"2025-10-29T11:00:00+00:00","description":"Descubre c\u00f3mo en Baleares podemos proteger tu vida, salud, negocio y patrimonio con un corredor de seguros independiente.","breadcrumb":{"@id":"https:\/\/balaguergutierrez.es\/index.php\/2025\/10\/29\/proteccion-integral-para-tu-vida-tu-negocio-y-tu-patrimonio\/#breadcrumb"},"inLanguage":"es","potentialAction":[{"@type":"ReadAction","target":["https:\/\/balaguergutierrez.es\/index.php\/2025\/10\/29\/proteccion-integral-para-tu-vida-tu-negocio-y-tu-patrimonio\/"]}]},{"@type":"ImageObject","inLanguage":"es","@id":"https:\/\/balaguergutierrez.es\/index.php\/2025\/10\/29\/proteccion-integral-para-tu-vida-tu-negocio-y-tu-patrimonio\/#primaryimage","url":"https:\/\/balaguergutierrez.es\/wp-content\/uploads\/2025\/10\/proteccion-vida-salud-empresa.webp","contentUrl":"https:\/\/balaguergutierrez.es\/wp-content\/uploads\/2025\/10\/proteccion-vida-salud-empresa.webp","width":1250,"height":833,"caption":"Familia y empresario en Baleares conversando con un corredor de seguros en oficina moderna"},{"@type":"BreadcrumbList","@id":"https:\/\/balaguergutierrez.es\/index.php\/2025\/10\/29\/proteccion-integral-para-tu-vida-tu-negocio-y-tu-patrimonio\/#breadcrumb","itemListElement":[{"@type":"ListItem","position":1,"name":"Portada","item":"https:\/\/balaguergutierrez.es\/"},{"@type":"ListItem","position":2,"name":"Protecci\u00f3n integral para tu vida, tu negocio y tu patrimonio"}]},{"@type":"WebSite","@id":"https:\/\/balaguergutierrez.es\/#website","url":"https:\/\/balaguergutierrez.es\/","name":"Balaguer & Guti\u00e9rrez, Corredur\u00eda de Seguros","description":"Aseguramos lo que de verdad importa","publisher":{"@id":"https:\/\/balaguergutierrez.es\/#organization"},"potentialAction":[{"@type":"SearchAction","target":{"@type":"EntryPoint","urlTemplate":"https:\/\/balaguergutierrez.es\/?s={search_term_string}"},"query-input":{"@type":"PropertyValueSpecification","valueRequired":true,"valueName":"search_term_string"}}],"inLanguage":"es"},{"@type":"Organization","@id":"https:\/\/balaguergutierrez.es\/#organization","name":"Balaguer & Guti\u00e9rrez SL","url":"https:\/\/balaguergutierrez.es\/","logo":{"@type":"ImageObject","inLanguage":"es","@id":"https:\/\/balaguergutierrez.es\/#\/schema\/logo\/image\/","url":"https:\/\/balaguergutierrez.es\/wp-content\/uploads\/2023\/03\/bg2014-Personalizado-1.png","contentUrl":"https:\/\/balaguergutierrez.es\/wp-content\/uploads\/2023\/03\/bg2014-Personalizado-1.png","width":300,"height":56,"caption":"Balaguer & Guti\u00e9rrez SL"},"image":{"@id":"https:\/\/balaguergutierrez.es\/#\/schema\/logo\/image\/"},"sameAs":["https:\/\/www.facebook.com\/balaguergutierrezcs\/","https:\/\/www.instagram.com\/balaguergutierrezsl\/"]},{"@type":"Person","@id":"https:\/\/balaguergutierrez.es\/#\/schema\/person\/d9f10607ee7f5a76d713b12c59e16f06","name":"Balaguer guti\u00e9rrez","sameAs":["https:\/\/balaguergutierrez.es"],"url":"https:\/\/balaguergutierrez.es\/index.php\/author\/root_jz69qmt7\/"}]}},"_links":{"self":[{"href":"https:\/\/balaguergutierrez.es\/index.php\/wp-json\/wp\/v2\/posts\/1264","targetHints":{"allow":["GET"]}}],"collection":[{"href":"https:\/\/balaguergutierrez.es\/index.php\/wp-json\/wp\/v2\/posts"}],"about":[{"href":"https:\/\/balaguergutierrez.es\/index.php\/wp-json\/wp\/v2\/types\/post"}],"author":[{"embeddable":true,"href":"https:\/\/balaguergutierrez.es\/index.php\/wp-json\/wp\/v2\/users\/1"}],"replies":[{"embeddable":true,"href":"https:\/\/balaguergutierrez.es\/index.php\/wp-json\/wp\/v2\/comments?post=1264"}],"version-history":[{"count":1,"href":"https:\/\/balaguergutierrez.es\/index.php\/wp-json\/wp\/v2\/posts\/1264\/revisions"}],"predecessor-version":[{"id":1265,"href":"https:\/\/balaguergutierrez.es\/index.php\/wp-json\/wp\/v2\/posts\/1264\/revisions\/1265"}],"wp:featuredmedia":[{"embeddable":true,"href":"https:\/\/balaguergutierrez.es\/index.php\/wp-json\/wp\/v2\/media\/1251"}],"wp:attachment":[{"href":"https:\/\/balaguergutierrez.es\/index.php\/wp-json\/wp\/v2\/media?parent=1264"}],"wp:term":[{"taxonomy":"category","embeddable":true,"href":"https:\/\/balaguergutierrez.es\/index.php\/wp-json\/wp\/v2\/categories?post=1264"},{"taxonomy":"post_tag","embeddable":true,"href":"https:\/\/balaguergutierrez.es\/index.php\/wp-json\/wp\/v2\/tags?post=1264"}],"curies":[{"name":"wp","href":"https:\/\/api.w.org\/{rel}","templated":true}]}}