{"id":1269,"date":"2025-11-05T12:00:00","date_gmt":"2025-11-05T11:00:00","guid":{"rendered":"https:\/\/balaguergutierrez.es\/?p=1269"},"modified":"2025-11-19T21:09:24","modified_gmt":"2025-11-19T20:09:24","slug":"seguro-comunidad-propietarios-palma-baleares","status":"publish","type":"post","link":"https:\/\/balaguergutierrez.es\/index.php\/2025\/11\/05\/seguro-comunidad-propietarios-palma-baleares\/","title":{"rendered":"Seguro para Comunidad de Propietarios: da\u00f1os por agua, placas solares y cargadores de coche, bien cubiertos"},"content":{"rendered":"<div class=\"wp-block-image is-style-rounded\">\n<figure class=\"aligncenter size-large is-resized\"><img loading=\"lazy\" decoding=\"async\" width=\"1024\" height=\"682\" sizes=\"auto, (max-width: 1024px) 100vw, 1024px\" src=\"https:\/\/balaguergutierrez.es\/wp-content\/uploads\/2025\/10\/seguro-comunidad-palma-garaje-placas-2025-1024x682.webp\" alt=\"\" class=\"wp-image-1270\" style=\"object-fit:cover;width:700px;height:250px\" srcset=\"https:\/\/balaguergutierrez.es\/wp-content\/uploads\/2025\/10\/seguro-comunidad-palma-garaje-placas-2025-1024x682.webp 1024w, https:\/\/balaguergutierrez.es\/wp-content\/uploads\/2025\/10\/seguro-comunidad-palma-garaje-placas-2025-300x200.webp 300w, https:\/\/balaguergutierrez.es\/wp-content\/uploads\/2025\/10\/seguro-comunidad-palma-garaje-placas-2025-768x512.webp 768w, https:\/\/balaguergutierrez.es\/wp-content\/uploads\/2025\/10\/seguro-comunidad-palma-garaje-placas-2025.webp 1250w\" \/><\/figure>\n<\/div>\n\n\n<p>Vivir en comunidad en Palma y el resto de Baleares implica gestionar riesgos compartidos: filtraciones de agua, roturas en bajantes, azoteas con placas solares, garajes con puntos de recarga para veh\u00edculos el\u00e9ctricos\u2026 La p\u00f3liza de la comunidad no es un \u201cpapel obligatorio\u201d: es la herramienta que evita derramas inesperadas y discusiones interminables.<\/p>\n\n\n\n<p>Qu\u00e9 debe cubrir como m\u00ednimo:<\/p>\n\n\n\n<ul class=\"wp-block-list\">\n<li>Da\u00f1os por agua: el siniestro m\u00e1s frecuente. Incluye localizaci\u00f3n de fugas, da\u00f1os est\u00e9ticos y l\u00edmites realistas para zonas comunes y elementos privativos afectados.<\/li>\n\n\n\n<li>Responsabilidad civil: ca\u00eddas en zonas comunes, da\u00f1os a terceros por desprendimientos, ascensores, garajes y terrazas comunitarias.<\/li>\n\n\n\n<li>Da\u00f1os materiales: incendio, fen\u00f3menos atmosf\u00e9ricos, da\u00f1os el\u00e9ctricos, roturas (cristales\/placas), robo en elementos comunes y trasteros.<\/li>\n\n\n\n<li>Defensa jur\u00eddica y reclamaci\u00f3n de da\u00f1os: para mediar con proveedores, vecinos o terceros responsables.<\/li>\n<\/ul>\n\n\n\n<p>Si ten\u00e9is placas solares en la azotea<\/p>\n\n\n\n<ul class=\"wp-block-list\">\n<li>Declarad la instalaci\u00f3n en la p\u00f3liza y ajustad el continente para incluir placas, inversor y (si existe) bater\u00edas.<\/li>\n\n\n\n<li>Revisad granizo, viento, impacto y actos vand\u00e1licos.<\/li>\n\n\n\n<li>Guardad documentaci\u00f3n t\u00e9cnica y mantenimientos: acelera la peritaci\u00f3n y evita discusiones.<\/li>\n<\/ul>\n\n\n\n<p>Si hay puntos de recarga para veh\u00edculos el\u00e9ctricos<\/p>\n\n\n\n<ul class=\"wp-block-list\">\n<li>Es imprescindible que la instalaci\u00f3n sea homologada, con su certificado.<\/li>\n\n\n\n<li>Revisad responsabilidad civil y da\u00f1os el\u00e9ctricos en el garaje.<\/li>\n\n\n\n<li>El veh\u00edculo y cada plaza privada se aseguran aparte (hogar\/auto): conviene informar a los propietarios.<\/li>\n<\/ul>\n\n\n\n<p>Mini-casos reales:<\/p>\n\n\n\n<ul class=\"wp-block-list\">\n<li>Bajante rota que mancha portales y trasteros: con localizaci\u00f3n de fugas y da\u00f1o est\u00e9tico, el expediente se resuelve sin derramas.<\/li>\n\n\n\n<li>Granizada que da\u00f1a placas solares: tenerlas declaradas y con capital ajustado marca la diferencia entre cobrar o discutir.<\/li>\n\n\n\n<li>Cargador mal instalado que provoca da\u00f1os el\u00e9ctricos: la p\u00f3liza comunitaria debe contemplar el riesgo; a la par, cada propietario debe tener su seguro actualizado.<\/li>\n<\/ul>\n\n\n\n<p class=\"has-text-align-center\">\u00bfQuer\u00e9is que revisemos la p\u00f3liza de vuestra comunidad sin coste?<\/p>\n\n\n\n<div class=\"wp-block-buttons is-content-justification-center is-layout-flex wp-container-core-buttons-is-layout-16018d1d wp-block-buttons-is-layout-flex\">\n<div class=\"wp-block-button\"><a class=\"wp-block-button__link has-white-color has-vivid-red-background-color has-text-color has-background has-link-color wp-element-button\" href=\"https:\/\/forms.office.com\/e\/WP7hDs6LLg\" target=\"_blank\" rel=\"noreferrer noopener\">Solicita tu presupuesto<\/a><\/div>\n<\/div>\n","protected":false},"excerpt":{"rendered":"<p>Vivir en comunidad en Palma y el resto de Baleares implica gestionar riesgos compartidos: filtraciones de agua, roturas en bajantes, azoteas con placas solares, garajes con puntos de recarga para veh\u00edculos el\u00e9ctricos\u2026 La p\u00f3liza de la comunidad no es un<\/p>\n","protected":false},"author":1,"featured_media":1270,"comment_status":"closed","ping_status":"closed","sticky":false,"template":"","format":"standard","meta":{"footnotes":""},"categories":[1],"tags":[117,143,144,140,141,142,116],"class_list":["post-1269","post","type-post","status-publish","format-standard","has-post-thumbnail","hentry","category-uncategorized","tag-baleares","tag-cargadores-electricos","tag-comunidad-de-propietarios","tag-danos-por-agua","tag-fotovoltaica","tag-garaje","tag-palma-de-mallorca","","tg-column-third"],"yoast_head":"<!-- This site is optimized with the Yoast SEO plugin v27.4 - https:\/\/yoast.com\/product\/yoast-seo-wordpress\/ -->\n<title>Seguro comunidad en Palma | Gu\u00eda 2025 \u2013 Balaguer &amp; Guti\u00e9rrez<\/title>\n<meta name=\"description\" content=\"Gu\u00eda clara para comunidades en Palma: da\u00f1os por agua, placas solares y cargadores EV. Revisi\u00f3n gratuita con Corredor de Seguros.\" \/>\n<meta name=\"robots\" content=\"index, follow, max-snippet:-1, max-image-preview:large, max-video-preview:-1\" \/>\n<link rel=\"canonical\" href=\"https:\/\/balaguergutierrez.es\/index.php\/2025\/11\/05\/seguro-comunidad-propietarios-palma-baleares\/\" \/>\n<meta property=\"og:locale\" content=\"es_ES\" \/>\n<meta property=\"og:type\" content=\"article\" \/>\n<meta property=\"og:title\" content=\"Seguro comunidad en Palma | Gu\u00eda 2025 \u2013 Balaguer &amp; Guti\u00e9rrez\" \/>\n<meta property=\"og:description\" content=\"Gu\u00eda clara para comunidades en Palma: da\u00f1os por agua, placas solares y cargadores EV. Revisi\u00f3n gratuita con Corredor de Seguros.\" \/>\n<meta property=\"og:url\" content=\"https:\/\/balaguergutierrez.es\/index.php\/2025\/11\/05\/seguro-comunidad-propietarios-palma-baleares\/\" \/>\n<meta property=\"og:site_name\" content=\"balaguergutierrez.es\" \/>\n<meta property=\"article:publisher\" content=\"https:\/\/www.facebook.com\/balaguergutierrezcs\/\" \/>\n<meta property=\"article:published_time\" content=\"2025-11-05T11:00:00+00:00\" \/>\n<meta property=\"article:modified_time\" content=\"2025-11-19T20:09:24+00:00\" \/>\n<meta property=\"og:image\" content=\"https:\/\/balaguergutierrez.es\/wp-content\/uploads\/2025\/10\/seguro-comunidad-palma-garaje-placas-2025.webp\" \/>\n\t<meta property=\"og:image:width\" content=\"1250\" \/>\n\t<meta property=\"og:image:height\" content=\"833\" \/>\n\t<meta property=\"og:image:type\" content=\"image\/webp\" \/>\n<meta name=\"author\" content=\"Balaguer guti\u00e9rrez\" \/>\n<meta name=\"twitter:label1\" content=\"Escrito por\" \/>\n\t<meta name=\"twitter:data1\" content=\"Balaguer guti\u00e9rrez\" \/>\n\t<meta name=\"twitter:label2\" content=\"Tiempo de lectura\" \/>\n\t<meta name=\"twitter:data2\" content=\"2 minutos\" \/>\n<script type=\"application\/ld+json\" class=\"yoast-schema-graph\">{\"@context\":\"https:\\\/\\\/schema.org\",\"@graph\":[{\"@type\":\"Article\",\"@id\":\"https:\\\/\\\/balaguergutierrez.es\\\/index.php\\\/2025\\\/11\\\/05\\\/seguro-comunidad-propietarios-palma-baleares\\\/#article\",\"isPartOf\":{\"@id\":\"https:\\\/\\\/balaguergutierrez.es\\\/index.php\\\/2025\\\/11\\\/05\\\/seguro-comunidad-propietarios-palma-baleares\\\/\"},\"author\":{\"name\":\"Balaguer guti\u00e9rrez\",\"@id\":\"https:\\\/\\\/balaguergutierrez.es\\\/#\\\/schema\\\/person\\\/d9f10607ee7f5a76d713b12c59e16f06\"},\"headline\":\"Seguro para Comunidad de Propietarios: da\u00f1os por agua, placas solares y cargadores de coche, bien cubiertos\",\"datePublished\":\"2025-11-05T11:00:00+00:00\",\"dateModified\":\"2025-11-19T20:09:24+00:00\",\"mainEntityOfPage\":{\"@id\":\"https:\\\/\\\/balaguergutierrez.es\\\/index.php\\\/2025\\\/11\\\/05\\\/seguro-comunidad-propietarios-palma-baleares\\\/\"},\"wordCount\":349,\"publisher\":{\"@id\":\"https:\\\/\\\/balaguergutierrez.es\\\/#organization\"},\"image\":{\"@id\":\"https:\\\/\\\/balaguergutierrez.es\\\/index.php\\\/2025\\\/11\\\/05\\\/seguro-comunidad-propietarios-palma-baleares\\\/#primaryimage\"},\"thumbnailUrl\":\"https:\\\/\\\/balaguergutierrez.es\\\/wp-content\\\/uploads\\\/2025\\\/10\\\/seguro-comunidad-palma-garaje-placas-2025.webp\",\"keywords\":[\"Baleares\",\"cargadores el\u00e9ctricos\",\"comunidad de propietarios\",\"da\u00f1os por agua\",\"fotovoltaica\",\"garaje\",\"Palma de Mallorca\"],\"articleSection\":[\"Uncategorized\"],\"inLanguage\":\"es\"},{\"@type\":\"WebPage\",\"@id\":\"https:\\\/\\\/balaguergutierrez.es\\\/index.php\\\/2025\\\/11\\\/05\\\/seguro-comunidad-propietarios-palma-baleares\\\/\",\"url\":\"https:\\\/\\\/balaguergutierrez.es\\\/index.php\\\/2025\\\/11\\\/05\\\/seguro-comunidad-propietarios-palma-baleares\\\/\",\"name\":\"Seguro comunidad en Palma | Gu\u00eda 2025 \u2013 Balaguer & Guti\u00e9rrez\",\"isPartOf\":{\"@id\":\"https:\\\/\\\/balaguergutierrez.es\\\/#website\"},\"primaryImageOfPage\":{\"@id\":\"https:\\\/\\\/balaguergutierrez.es\\\/index.php\\\/2025\\\/11\\\/05\\\/seguro-comunidad-propietarios-palma-baleares\\\/#primaryimage\"},\"image\":{\"@id\":\"https:\\\/\\\/balaguergutierrez.es\\\/index.php\\\/2025\\\/11\\\/05\\\/seguro-comunidad-propietarios-palma-baleares\\\/#primaryimage\"},\"thumbnailUrl\":\"https:\\\/\\\/balaguergutierrez.es\\\/wp-content\\\/uploads\\\/2025\\\/10\\\/seguro-comunidad-palma-garaje-placas-2025.webp\",\"datePublished\":\"2025-11-05T11:00:00+00:00\",\"dateModified\":\"2025-11-19T20:09:24+00:00\",\"description\":\"Gu\u00eda clara para comunidades en Palma: da\u00f1os por agua, placas solares y cargadores EV. Revisi\u00f3n gratuita con Corredor de Seguros.\",\"breadcrumb\":{\"@id\":\"https:\\\/\\\/balaguergutierrez.es\\\/index.php\\\/2025\\\/11\\\/05\\\/seguro-comunidad-propietarios-palma-baleares\\\/#breadcrumb\"},\"inLanguage\":\"es\",\"potentialAction\":[{\"@type\":\"ReadAction\",\"target\":[\"https:\\\/\\\/balaguergutierrez.es\\\/index.php\\\/2025\\\/11\\\/05\\\/seguro-comunidad-propietarios-palma-baleares\\\/\"]}]},{\"@type\":\"ImageObject\",\"inLanguage\":\"es\",\"@id\":\"https:\\\/\\\/balaguergutierrez.es\\\/index.php\\\/2025\\\/11\\\/05\\\/seguro-comunidad-propietarios-palma-baleares\\\/#primaryimage\",\"url\":\"https:\\\/\\\/balaguergutierrez.es\\\/wp-content\\\/uploads\\\/2025\\\/10\\\/seguro-comunidad-palma-garaje-placas-2025.webp\",\"contentUrl\":\"https:\\\/\\\/balaguergutierrez.es\\\/wp-content\\\/uploads\\\/2025\\\/10\\\/seguro-comunidad-palma-garaje-placas-2025.webp\",\"width\":1250,\"height\":833,\"caption\":\"Comunidad de propietarios en Palma revisando su p\u00f3liza, con garaje y puntos de recarga visibles\"},{\"@type\":\"BreadcrumbList\",\"@id\":\"https:\\\/\\\/balaguergutierrez.es\\\/index.php\\\/2025\\\/11\\\/05\\\/seguro-comunidad-propietarios-palma-baleares\\\/#breadcrumb\",\"itemListElement\":[{\"@type\":\"ListItem\",\"position\":1,\"name\":\"Portada\",\"item\":\"https:\\\/\\\/balaguergutierrez.es\\\/\"},{\"@type\":\"ListItem\",\"position\":2,\"name\":\"Seguro para Comunidad de Propietarios: da\u00f1os por agua, placas solares y cargadores de coche, bien cubiertos\"}]},{\"@type\":\"WebSite\",\"@id\":\"https:\\\/\\\/balaguergutierrez.es\\\/#website\",\"url\":\"https:\\\/\\\/balaguergutierrez.es\\\/\",\"name\":\"Balaguer & Guti\u00e9rrez, Corredur\u00eda de Seguros\",\"description\":\"Aseguramos lo que de verdad importa\",\"publisher\":{\"@id\":\"https:\\\/\\\/balaguergutierrez.es\\\/#organization\"},\"potentialAction\":[{\"@type\":\"SearchAction\",\"target\":{\"@type\":\"EntryPoint\",\"urlTemplate\":\"https:\\\/\\\/balaguergutierrez.es\\\/?s={search_term_string}\"},\"query-input\":{\"@type\":\"PropertyValueSpecification\",\"valueRequired\":true,\"valueName\":\"search_term_string\"}}],\"inLanguage\":\"es\"},{\"@type\":\"Organization\",\"@id\":\"https:\\\/\\\/balaguergutierrez.es\\\/#organization\",\"name\":\"Balaguer & Guti\u00e9rrez SL\",\"url\":\"https:\\\/\\\/balaguergutierrez.es\\\/\",\"logo\":{\"@type\":\"ImageObject\",\"inLanguage\":\"es\",\"@id\":\"https:\\\/\\\/balaguergutierrez.es\\\/#\\\/schema\\\/logo\\\/image\\\/\",\"url\":\"https:\\\/\\\/balaguergutierrez.es\\\/wp-content\\\/uploads\\\/2023\\\/03\\\/bg2014-Personalizado-1.png\",\"contentUrl\":\"https:\\\/\\\/balaguergutierrez.es\\\/wp-content\\\/uploads\\\/2023\\\/03\\\/bg2014-Personalizado-1.png\",\"width\":300,\"height\":56,\"caption\":\"Balaguer & Guti\u00e9rrez SL\"},\"image\":{\"@id\":\"https:\\\/\\\/balaguergutierrez.es\\\/#\\\/schema\\\/logo\\\/image\\\/\"},\"sameAs\":[\"https:\\\/\\\/www.facebook.com\\\/balaguergutierrezcs\\\/\",\"https:\\\/\\\/www.instagram.com\\\/balaguergutierrezsl\\\/\"]},{\"@type\":\"Person\",\"@id\":\"https:\\\/\\\/balaguergutierrez.es\\\/#\\\/schema\\\/person\\\/d9f10607ee7f5a76d713b12c59e16f06\",\"name\":\"Balaguer guti\u00e9rrez\",\"sameAs\":[\"https:\\\/\\\/balaguergutierrez.es\"],\"url\":\"https:\\\/\\\/balaguergutierrez.es\\\/index.php\\\/author\\\/root_jz69qmt7\\\/\"}]}<\/script>\n<!-- \/ Yoast SEO plugin. -->","yoast_head_json":{"title":"Seguro comunidad en Palma | Gu\u00eda 2025 \u2013 Balaguer & Guti\u00e9rrez","description":"Gu\u00eda clara para comunidades en Palma: da\u00f1os por agua, placas solares y cargadores EV. Revisi\u00f3n gratuita con Corredor de Seguros.","robots":{"index":"index","follow":"follow","max-snippet":"max-snippet:-1","max-image-preview":"max-image-preview:large","max-video-preview":"max-video-preview:-1"},"canonical":"https:\/\/balaguergutierrez.es\/index.php\/2025\/11\/05\/seguro-comunidad-propietarios-palma-baleares\/","og_locale":"es_ES","og_type":"article","og_title":"Seguro comunidad en Palma | Gu\u00eda 2025 \u2013 Balaguer & Guti\u00e9rrez","og_description":"Gu\u00eda clara para comunidades en Palma: da\u00f1os por agua, placas solares y cargadores EV. Revisi\u00f3n gratuita con Corredor de Seguros.","og_url":"https:\/\/balaguergutierrez.es\/index.php\/2025\/11\/05\/seguro-comunidad-propietarios-palma-baleares\/","og_site_name":"balaguergutierrez.es","article_publisher":"https:\/\/www.facebook.com\/balaguergutierrezcs\/","article_published_time":"2025-11-05T11:00:00+00:00","article_modified_time":"2025-11-19T20:09:24+00:00","og_image":[{"width":1250,"height":833,"url":"https:\/\/balaguergutierrez.es\/wp-content\/uploads\/2025\/10\/seguro-comunidad-palma-garaje-placas-2025.webp","type":"image\/webp"}],"author":"Balaguer guti\u00e9rrez","twitter_misc":{"Escrito por":"Balaguer guti\u00e9rrez","Tiempo de lectura":"2 minutos"},"schema":{"@context":"https:\/\/schema.org","@graph":[{"@type":"Article","@id":"https:\/\/balaguergutierrez.es\/index.php\/2025\/11\/05\/seguro-comunidad-propietarios-palma-baleares\/#article","isPartOf":{"@id":"https:\/\/balaguergutierrez.es\/index.php\/2025\/11\/05\/seguro-comunidad-propietarios-palma-baleares\/"},"author":{"name":"Balaguer guti\u00e9rrez","@id":"https:\/\/balaguergutierrez.es\/#\/schema\/person\/d9f10607ee7f5a76d713b12c59e16f06"},"headline":"Seguro para Comunidad de Propietarios: da\u00f1os por agua, placas solares y cargadores de coche, bien cubiertos","datePublished":"2025-11-05T11:00:00+00:00","dateModified":"2025-11-19T20:09:24+00:00","mainEntityOfPage":{"@id":"https:\/\/balaguergutierrez.es\/index.php\/2025\/11\/05\/seguro-comunidad-propietarios-palma-baleares\/"},"wordCount":349,"publisher":{"@id":"https:\/\/balaguergutierrez.es\/#organization"},"image":{"@id":"https:\/\/balaguergutierrez.es\/index.php\/2025\/11\/05\/seguro-comunidad-propietarios-palma-baleares\/#primaryimage"},"thumbnailUrl":"https:\/\/balaguergutierrez.es\/wp-content\/uploads\/2025\/10\/seguro-comunidad-palma-garaje-placas-2025.webp","keywords":["Baleares","cargadores el\u00e9ctricos","comunidad de propietarios","da\u00f1os por agua","fotovoltaica","garaje","Palma de Mallorca"],"articleSection":["Uncategorized"],"inLanguage":"es"},{"@type":"WebPage","@id":"https:\/\/balaguergutierrez.es\/index.php\/2025\/11\/05\/seguro-comunidad-propietarios-palma-baleares\/","url":"https:\/\/balaguergutierrez.es\/index.php\/2025\/11\/05\/seguro-comunidad-propietarios-palma-baleares\/","name":"Seguro comunidad en Palma | Gu\u00eda 2025 \u2013 Balaguer & Guti\u00e9rrez","isPartOf":{"@id":"https:\/\/balaguergutierrez.es\/#website"},"primaryImageOfPage":{"@id":"https:\/\/balaguergutierrez.es\/index.php\/2025\/11\/05\/seguro-comunidad-propietarios-palma-baleares\/#primaryimage"},"image":{"@id":"https:\/\/balaguergutierrez.es\/index.php\/2025\/11\/05\/seguro-comunidad-propietarios-palma-baleares\/#primaryimage"},"thumbnailUrl":"https:\/\/balaguergutierrez.es\/wp-content\/uploads\/2025\/10\/seguro-comunidad-palma-garaje-placas-2025.webp","datePublished":"2025-11-05T11:00:00+00:00","dateModified":"2025-11-19T20:09:24+00:00","description":"Gu\u00eda clara para comunidades en Palma: da\u00f1os por agua, placas solares y cargadores EV. Revisi\u00f3n gratuita con Corredor de Seguros.","breadcrumb":{"@id":"https:\/\/balaguergutierrez.es\/index.php\/2025\/11\/05\/seguro-comunidad-propietarios-palma-baleares\/#breadcrumb"},"inLanguage":"es","potentialAction":[{"@type":"ReadAction","target":["https:\/\/balaguergutierrez.es\/index.php\/2025\/11\/05\/seguro-comunidad-propietarios-palma-baleares\/"]}]},{"@type":"ImageObject","inLanguage":"es","@id":"https:\/\/balaguergutierrez.es\/index.php\/2025\/11\/05\/seguro-comunidad-propietarios-palma-baleares\/#primaryimage","url":"https:\/\/balaguergutierrez.es\/wp-content\/uploads\/2025\/10\/seguro-comunidad-palma-garaje-placas-2025.webp","contentUrl":"https:\/\/balaguergutierrez.es\/wp-content\/uploads\/2025\/10\/seguro-comunidad-palma-garaje-placas-2025.webp","width":1250,"height":833,"caption":"Comunidad de propietarios en Palma revisando su p\u00f3liza, con garaje y puntos de recarga visibles"},{"@type":"BreadcrumbList","@id":"https:\/\/balaguergutierrez.es\/index.php\/2025\/11\/05\/seguro-comunidad-propietarios-palma-baleares\/#breadcrumb","itemListElement":[{"@type":"ListItem","position":1,"name":"Portada","item":"https:\/\/balaguergutierrez.es\/"},{"@type":"ListItem","position":2,"name":"Seguro para Comunidad de Propietarios: da\u00f1os por agua, placas solares y cargadores de coche, bien cubiertos"}]},{"@type":"WebSite","@id":"https:\/\/balaguergutierrez.es\/#website","url":"https:\/\/balaguergutierrez.es\/","name":"Balaguer & Guti\u00e9rrez, Corredur\u00eda de Seguros","description":"Aseguramos lo que de verdad importa","publisher":{"@id":"https:\/\/balaguergutierrez.es\/#organization"},"potentialAction":[{"@type":"SearchAction","target":{"@type":"EntryPoint","urlTemplate":"https:\/\/balaguergutierrez.es\/?s={search_term_string}"},"query-input":{"@type":"PropertyValueSpecification","valueRequired":true,"valueName":"search_term_string"}}],"inLanguage":"es"},{"@type":"Organization","@id":"https:\/\/balaguergutierrez.es\/#organization","name":"Balaguer & Guti\u00e9rrez SL","url":"https:\/\/balaguergutierrez.es\/","logo":{"@type":"ImageObject","inLanguage":"es","@id":"https:\/\/balaguergutierrez.es\/#\/schema\/logo\/image\/","url":"https:\/\/balaguergutierrez.es\/wp-content\/uploads\/2023\/03\/bg2014-Personalizado-1.png","contentUrl":"https:\/\/balaguergutierrez.es\/wp-content\/uploads\/2023\/03\/bg2014-Personalizado-1.png","width":300,"height":56,"caption":"Balaguer & Guti\u00e9rrez SL"},"image":{"@id":"https:\/\/balaguergutierrez.es\/#\/schema\/logo\/image\/"},"sameAs":["https:\/\/www.facebook.com\/balaguergutierrezcs\/","https:\/\/www.instagram.com\/balaguergutierrezsl\/"]},{"@type":"Person","@id":"https:\/\/balaguergutierrez.es\/#\/schema\/person\/d9f10607ee7f5a76d713b12c59e16f06","name":"Balaguer guti\u00e9rrez","sameAs":["https:\/\/balaguergutierrez.es"],"url":"https:\/\/balaguergutierrez.es\/index.php\/author\/root_jz69qmt7\/"}]}},"_links":{"self":[{"href":"https:\/\/balaguergutierrez.es\/index.php\/wp-json\/wp\/v2\/posts\/1269","targetHints":{"allow":["GET"]}}],"collection":[{"href":"https:\/\/balaguergutierrez.es\/index.php\/wp-json\/wp\/v2\/posts"}],"about":[{"href":"https:\/\/balaguergutierrez.es\/index.php\/wp-json\/wp\/v2\/types\/post"}],"author":[{"embeddable":true,"href":"https:\/\/balaguergutierrez.es\/index.php\/wp-json\/wp\/v2\/users\/1"}],"replies":[{"embeddable":true,"href":"https:\/\/balaguergutierrez.es\/index.php\/wp-json\/wp\/v2\/comments?post=1269"}],"version-history":[{"count":1,"href":"https:\/\/balaguergutierrez.es\/index.php\/wp-json\/wp\/v2\/posts\/1269\/revisions"}],"predecessor-version":[{"id":1271,"href":"https:\/\/balaguergutierrez.es\/index.php\/wp-json\/wp\/v2\/posts\/1269\/revisions\/1271"}],"wp:featuredmedia":[{"embeddable":true,"href":"https:\/\/balaguergutierrez.es\/index.php\/wp-json\/wp\/v2\/media\/1270"}],"wp:attachment":[{"href":"https:\/\/balaguergutierrez.es\/index.php\/wp-json\/wp\/v2\/media?parent=1269"}],"wp:term":[{"taxonomy":"category","embeddable":true,"href":"https:\/\/balaguergutierrez.es\/index.php\/wp-json\/wp\/v2\/categories?post=1269"},{"taxonomy":"post_tag","embeddable":true,"href":"https:\/\/balaguergutierrez.es\/index.php\/wp-json\/wp\/v2\/tags?post=1269"}],"curies":[{"name":"wp","href":"https:\/\/api.w.org\/{rel}","templated":true}]}}