{"id":1280,"date":"2025-12-03T12:00:00","date_gmt":"2025-12-03T11:00:00","guid":{"rendered":"https:\/\/balaguergutierrez.es\/?p=1280"},"modified":"2025-11-21T14:08:23","modified_gmt":"2025-11-21T13:08:23","slug":"seguro-de-dependencia-dignidad-cuidados-y-liquidez-cuando-mas-se-necesita","status":"publish","type":"post","link":"https:\/\/balaguergutierrez.es\/index.php\/2025\/12\/03\/seguro-de-dependencia-dignidad-cuidados-y-liquidez-cuando-mas-se-necesita\/","title":{"rendered":"Seguro de dependencia: dignidad, cuidados y liquidez cuando m\u00e1s se necesita"},"content":{"rendered":"<div class=\"wp-block-image is-style-rounded\">\n<figure class=\"aligncenter size-large is-resized\"><img loading=\"lazy\" decoding=\"async\" width=\"1024\" height=\"682\" sizes=\"auto, (max-width: 1024px) 100vw, 1024px\" src=\"https:\/\/balaguergutierrez.es\/wp-content\/uploads\/2025\/11\/seguro-dependencia-2025-1024x682.webp\" alt=\"Corredor de seguros revisando una p\u00f3liza de dependencia con una familia\" class=\"wp-image-1281\" style=\"object-fit:cover;width:700px;height:249px\" srcset=\"https:\/\/balaguergutierrez.es\/wp-content\/uploads\/2025\/11\/seguro-dependencia-2025-1024x682.webp 1024w, https:\/\/balaguergutierrez.es\/wp-content\/uploads\/2025\/11\/seguro-dependencia-2025-300x200.webp 300w, https:\/\/balaguergutierrez.es\/wp-content\/uploads\/2025\/11\/seguro-dependencia-2025-768x512.webp 768w, https:\/\/balaguergutierrez.es\/wp-content\/uploads\/2025\/11\/seguro-dependencia-2025.webp 1250w\" \/><\/figure>\n<\/div>\n\n\n<p>Hoy, 3 de diciembre, D\u00eda Internacional de las Personas con Discapacidad, queremos recordar algo esencial: la dependencia no solo afecta a quien la padece; impacta tambi\u00e9n a su familia, sus ingresos y su patrimonio. Un <strong>seguro de dependencia<\/strong> bien dise\u00f1ado aporta <strong>renta y\/o capital<\/strong> para sostener cuidados de larga duraci\u00f3n, adaptar la vivienda y aliviar a los cuidadores.<\/p>\n\n\n\n<h2 class=\"wp-block-heading\">Qu\u00e9 cubre<\/h2>\n\n\n\n<ul class=\"wp-block-list\">\n<li>Renta mensual garantizada si se reconoce la situaci\u00f3n de dependencia (seg\u00fan grados establecidos en p\u00f3liza).<\/li>\n\n\n\n<li>Capital inicial para adaptar vivienda\/ba\u00f1o, instalar salvaescaleras o adquirir ayudas t\u00e9cnicas.<\/li>\n\n\n\n<li>Servicios: valoraci\u00f3n, orientaci\u00f3n de cuidados, teleasistencia y apoyo al cuidador (seg\u00fan compa\u00f1\u00eda).<\/li>\n\n\n\n<li><\/li>\n<\/ul>\n\n\n\n<h2 class=\"wp-block-heading\">Para qui\u00e9n es especialmente recomendable<\/h2>\n\n\n\n<ul class=\"wp-block-list\">\n<li>Familias que desean asegurar <strong>cuidados dignos<\/strong> sin cargar econ\u00f3micamente a los hijos.<\/li>\n\n\n\n<li>Personas que viven solas en Mallorca o con familiares lejos.<\/li>\n\n\n\n<li>Aut\u00f3nomos y peque\u00f1os empresarios: evita que una dependencia prolongada arrastre tus cuentas y tu negocio.<\/li>\n\n\n\n<li>Cuidadores habituales que ya saben lo que supone organizar turnos, adaptaci\u00f3n del hogar y fisioterapia.<\/li>\n<\/ul>\n\n\n\n<h2 class=\"wp-block-heading\">C\u00f3mo dimensionar el seguro<\/h2>\n\n\n\n<ul class=\"wp-block-list\">\n<li>Calcula el coste mensual de cuidados (domiciliarios o centro) y a\u00f1ade un 10\u201320% para imprevistos.<br>\u2022Decide si necesitas una <strong>renta<\/strong> (p. ej., 800\u20131.500 \u20ac\/mes) y\/o un <strong>capital<\/strong> (p. ej., 8.000\u201320.000 \u20ac) para adaptar la vivienda, o ambos.<br>Revisa carencias, definici\u00f3n de dependencia, revalorizaci\u00f3n anual de la renta y exclusiones m\u00e9dicas.<\/li>\n<\/ul>\n\n\n\n<h2 class=\"wp-block-heading\">Errores frecuentes que vemos (y evitamos)<\/h2>\n\n\n\n<ul class=\"wp-block-list\">\n<li>Confiar solo en ayudas p\u00fablicas: \u00fatiles, pero insuficientes o demoradas.<\/li>\n\n\n\n<li>Pensar que el ahorro personal llegar\u00e1: cuando llega la dependencia, llega tambi\u00e9n la urgencia.<\/li>\n\n\n\n<li>Comprar un producto est\u00e1ndar del banco sin entender definiciones y carencias.<\/li>\n\n\n\n<li>No revisar la p\u00f3liza con el paso del tiempo (edad, salud, situaci\u00f3n familiar).<\/li>\n<\/ul>\n\n\n\n<h2 class=\"wp-block-heading\">Mini-casos<\/h2>\n\n\n\n<ul class=\"wp-block-list\">\n<li>Matrimonio: contrato de renta de 1.200 \u20ac\/mes + 10.000 \u20ac de capital. La adaptaci\u00f3n del ba\u00f1o se cubre al inicio y la renta sostiene cuidadores.<\/li>\n\n\n\n<li>Hijo \u00fanico con madre residente en otra provincia: p\u00f3liza con revalorizaci\u00f3n anual para que la renta no pierda poder adquisitivo.<\/li>\n\n\n\n<li>Aut\u00f3nomo: combina renta de dependencia con vida-riesgo para proteger negocio y familia.<\/li>\n<\/ul>\n\n\n\n<p class=\"has-text-align-center\"><strong>Por qu\u00e9 contratar con un Corredor (y no directo con banco\/compa\u00f1\u00eda)<\/strong><\/p>\n\n\n\n<ul class=\"wp-block-list\">\n<li>Comparamos aseguradoras y definiciones de dependencia (no todas son iguales).<\/li>\n\n\n\n<li>Ajustamos capitales, rentas y revalorizaciones a tu realidad y a los costes locales.<\/li>\n\n\n\n<li>Te acompa\u00f1amos en la tramitaci\u00f3n y defensa del siniestro para que cobres lo que corresponde.<\/li>\n\n\n\n<li>Evitamos pagar de m\u00e1s por coberturas que no necesitas\u2026 y quedarte corto en las que s\u00ed.<\/li>\n<\/ul>\n\n\n\n<p class=\"has-text-align-center\"><strong><a href=\"https:\/\/balaguergutierrez.es\/index.php\/seguro-de-dependencia\/\">\u00bfQuieres un estudio claro con 2\u20133 opciones y primas reales para tu caso?<\/a><\/strong><\/p>\n\n\n\n<p><\/p>\n","protected":false},"excerpt":{"rendered":"<p>Hoy, 3 de diciembre, D\u00eda Internacional de las Personas con Discapacidad, queremos recordar algo esencial: la dependencia no solo afecta a quien la padece; impacta tambi\u00e9n a su familia, sus ingresos y su patrimonio. Un seguro de dependencia bien dise\u00f1ado<\/p>\n","protected":false},"author":1,"featured_media":1281,"comment_status":"closed","ping_status":"closed","sticky":false,"template":"","format":"standard","meta":{"footnotes":""},"categories":[33,86,36,38],"tags":[151,117,150,148,116,149],"class_list":["post-1280","post","type-post","status-publish","format-standard","has-post-thumbnail","hentry","category-autonomos","category-seguro-de-dependencia","category-seguro-de-salud","category-seguro-de-vida","tag-autonomia-personal","tag-baleares","tag-cuidados-de-larga-duracion","tag-discapacidad","tag-palma-de-mallorca","tag-seguro-de-dependencia","","tg-column-third"],"yoast_head":"<!-- This site is optimized with the Yoast SEO plugin v27.4 - https:\/\/yoast.com\/product\/yoast-seo-wordpress\/ -->\n<title>balaguergutierrez.es Seguro de Dependencia<\/title>\n<meta name=\"description\" content=\"Seguro de dependencia: renta y capital para cuidados y adaptaci\u00f3n del hogar. Estudio gratuito con Corredur\u00eda independiente.\" \/>\n<meta name=\"robots\" content=\"index, follow, max-snippet:-1, max-image-preview:large, max-video-preview:-1\" \/>\n<link rel=\"canonical\" href=\"https:\/\/balaguergutierrez.es\/index.php\/2025\/12\/03\/seguro-de-dependencia-dignidad-cuidados-y-liquidez-cuando-mas-se-necesita\/\" \/>\n<meta property=\"og:locale\" content=\"es_ES\" \/>\n<meta property=\"og:type\" content=\"article\" \/>\n<meta property=\"og:title\" content=\"balaguergutierrez.es Seguro de Dependencia\" \/>\n<meta property=\"og:description\" content=\"Seguro de dependencia: renta y capital para cuidados y adaptaci\u00f3n del hogar. Estudio gratuito con Corredur\u00eda independiente.\" \/>\n<meta property=\"og:url\" content=\"https:\/\/balaguergutierrez.es\/index.php\/2025\/12\/03\/seguro-de-dependencia-dignidad-cuidados-y-liquidez-cuando-mas-se-necesita\/\" \/>\n<meta property=\"og:site_name\" content=\"balaguergutierrez.es\" \/>\n<meta property=\"article:publisher\" content=\"https:\/\/www.facebook.com\/balaguergutierrezcs\/\" \/>\n<meta property=\"article:published_time\" content=\"2025-12-03T11:00:00+00:00\" \/>\n<meta property=\"og:image\" content=\"https:\/\/balaguergutierrez.es\/wp-content\/uploads\/2025\/11\/seguro-dependencia-2025.webp\" \/>\n\t<meta property=\"og:image:width\" content=\"1250\" \/>\n\t<meta property=\"og:image:height\" content=\"833\" \/>\n\t<meta property=\"og:image:type\" content=\"image\/webp\" \/>\n<meta name=\"author\" content=\"Balaguer guti\u00e9rrez\" \/>\n<meta name=\"twitter:label1\" content=\"Escrito por\" \/>\n\t<meta name=\"twitter:data1\" content=\"Balaguer guti\u00e9rrez\" \/>\n\t<meta name=\"twitter:label2\" content=\"Tiempo de lectura\" \/>\n\t<meta name=\"twitter:data2\" content=\"3 minutos\" \/>\n<script type=\"application\/ld+json\" class=\"yoast-schema-graph\">{\"@context\":\"https:\\\/\\\/schema.org\",\"@graph\":[{\"@type\":\"Article\",\"@id\":\"https:\\\/\\\/balaguergutierrez.es\\\/index.php\\\/2025\\\/12\\\/03\\\/seguro-de-dependencia-dignidad-cuidados-y-liquidez-cuando-mas-se-necesita\\\/#article\",\"isPartOf\":{\"@id\":\"https:\\\/\\\/balaguergutierrez.es\\\/index.php\\\/2025\\\/12\\\/03\\\/seguro-de-dependencia-dignidad-cuidados-y-liquidez-cuando-mas-se-necesita\\\/\"},\"author\":{\"name\":\"Balaguer guti\u00e9rrez\",\"@id\":\"https:\\\/\\\/balaguergutierrez.es\\\/#\\\/schema\\\/person\\\/d9f10607ee7f5a76d713b12c59e16f06\"},\"headline\":\"Seguro de dependencia: dignidad, cuidados y liquidez cuando m\u00e1s se necesita\",\"datePublished\":\"2025-12-03T11:00:00+00:00\",\"mainEntityOfPage\":{\"@id\":\"https:\\\/\\\/balaguergutierrez.es\\\/index.php\\\/2025\\\/12\\\/03\\\/seguro-de-dependencia-dignidad-cuidados-y-liquidez-cuando-mas-se-necesita\\\/\"},\"wordCount\":442,\"publisher\":{\"@id\":\"https:\\\/\\\/balaguergutierrez.es\\\/#organization\"},\"image\":{\"@id\":\"https:\\\/\\\/balaguergutierrez.es\\\/index.php\\\/2025\\\/12\\\/03\\\/seguro-de-dependencia-dignidad-cuidados-y-liquidez-cuando-mas-se-necesita\\\/#primaryimage\"},\"thumbnailUrl\":\"https:\\\/\\\/balaguergutierrez.es\\\/wp-content\\\/uploads\\\/2025\\\/11\\\/seguro-dependencia-2025.webp\",\"keywords\":[\"autonom\u00eda personal\",\"Baleares\",\"cuidados de larga duraci\u00f3n\",\"discapacidad\",\"Palma de Mallorca\",\"seguro de dependencia\"],\"articleSection\":[\"Aut\u00f3nomos\",\"Seguro de Dependencia\",\"Seguro de Salud\",\"Seguro de Vida\"],\"inLanguage\":\"es\"},{\"@type\":\"WebPage\",\"@id\":\"https:\\\/\\\/balaguergutierrez.es\\\/index.php\\\/2025\\\/12\\\/03\\\/seguro-de-dependencia-dignidad-cuidados-y-liquidez-cuando-mas-se-necesita\\\/\",\"url\":\"https:\\\/\\\/balaguergutierrez.es\\\/index.php\\\/2025\\\/12\\\/03\\\/seguro-de-dependencia-dignidad-cuidados-y-liquidez-cuando-mas-se-necesita\\\/\",\"name\":\"balaguergutierrez.es Seguro de Dependencia\",\"isPartOf\":{\"@id\":\"https:\\\/\\\/balaguergutierrez.es\\\/#website\"},\"primaryImageOfPage\":{\"@id\":\"https:\\\/\\\/balaguergutierrez.es\\\/index.php\\\/2025\\\/12\\\/03\\\/seguro-de-dependencia-dignidad-cuidados-y-liquidez-cuando-mas-se-necesita\\\/#primaryimage\"},\"image\":{\"@id\":\"https:\\\/\\\/balaguergutierrez.es\\\/index.php\\\/2025\\\/12\\\/03\\\/seguro-de-dependencia-dignidad-cuidados-y-liquidez-cuando-mas-se-necesita\\\/#primaryimage\"},\"thumbnailUrl\":\"https:\\\/\\\/balaguergutierrez.es\\\/wp-content\\\/uploads\\\/2025\\\/11\\\/seguro-dependencia-2025.webp\",\"datePublished\":\"2025-12-03T11:00:00+00:00\",\"description\":\"Seguro de dependencia: renta y capital para cuidados y adaptaci\u00f3n del hogar. Estudio gratuito con Corredur\u00eda independiente.\",\"breadcrumb\":{\"@id\":\"https:\\\/\\\/balaguergutierrez.es\\\/index.php\\\/2025\\\/12\\\/03\\\/seguro-de-dependencia-dignidad-cuidados-y-liquidez-cuando-mas-se-necesita\\\/#breadcrumb\"},\"inLanguage\":\"es\",\"potentialAction\":[{\"@type\":\"ReadAction\",\"target\":[\"https:\\\/\\\/balaguergutierrez.es\\\/index.php\\\/2025\\\/12\\\/03\\\/seguro-de-dependencia-dignidad-cuidados-y-liquidez-cuando-mas-se-necesita\\\/\"]}]},{\"@type\":\"ImageObject\",\"inLanguage\":\"es\",\"@id\":\"https:\\\/\\\/balaguergutierrez.es\\\/index.php\\\/2025\\\/12\\\/03\\\/seguro-de-dependencia-dignidad-cuidados-y-liquidez-cuando-mas-se-necesita\\\/#primaryimage\",\"url\":\"https:\\\/\\\/balaguergutierrez.es\\\/wp-content\\\/uploads\\\/2025\\\/11\\\/seguro-dependencia-2025.webp\",\"contentUrl\":\"https:\\\/\\\/balaguergutierrez.es\\\/wp-content\\\/uploads\\\/2025\\\/11\\\/seguro-dependencia-2025.webp\",\"width\":1250,\"height\":833,\"caption\":\"Corredor de seguros revisando una p\u00f3liza de dependencia con una familia\"},{\"@type\":\"BreadcrumbList\",\"@id\":\"https:\\\/\\\/balaguergutierrez.es\\\/index.php\\\/2025\\\/12\\\/03\\\/seguro-de-dependencia-dignidad-cuidados-y-liquidez-cuando-mas-se-necesita\\\/#breadcrumb\",\"itemListElement\":[{\"@type\":\"ListItem\",\"position\":1,\"name\":\"Portada\",\"item\":\"https:\\\/\\\/balaguergutierrez.es\\\/\"},{\"@type\":\"ListItem\",\"position\":2,\"name\":\"Seguro de dependencia: dignidad, cuidados y liquidez cuando m\u00e1s se necesita\"}]},{\"@type\":\"WebSite\",\"@id\":\"https:\\\/\\\/balaguergutierrez.es\\\/#website\",\"url\":\"https:\\\/\\\/balaguergutierrez.es\\\/\",\"name\":\"Balaguer & Guti\u00e9rrez, Corredur\u00eda de Seguros\",\"description\":\"Aseguramos lo que de verdad importa\",\"publisher\":{\"@id\":\"https:\\\/\\\/balaguergutierrez.es\\\/#organization\"},\"potentialAction\":[{\"@type\":\"SearchAction\",\"target\":{\"@type\":\"EntryPoint\",\"urlTemplate\":\"https:\\\/\\\/balaguergutierrez.es\\\/?s={search_term_string}\"},\"query-input\":{\"@type\":\"PropertyValueSpecification\",\"valueRequired\":true,\"valueName\":\"search_term_string\"}}],\"inLanguage\":\"es\"},{\"@type\":\"Organization\",\"@id\":\"https:\\\/\\\/balaguergutierrez.es\\\/#organization\",\"name\":\"Balaguer & Guti\u00e9rrez SL\",\"url\":\"https:\\\/\\\/balaguergutierrez.es\\\/\",\"logo\":{\"@type\":\"ImageObject\",\"inLanguage\":\"es\",\"@id\":\"https:\\\/\\\/balaguergutierrez.es\\\/#\\\/schema\\\/logo\\\/image\\\/\",\"url\":\"https:\\\/\\\/balaguergutierrez.es\\\/wp-content\\\/uploads\\\/2023\\\/03\\\/bg2014-Personalizado-1.png\",\"contentUrl\":\"https:\\\/\\\/balaguergutierrez.es\\\/wp-content\\\/uploads\\\/2023\\\/03\\\/bg2014-Personalizado-1.png\",\"width\":300,\"height\":56,\"caption\":\"Balaguer & Guti\u00e9rrez SL\"},\"image\":{\"@id\":\"https:\\\/\\\/balaguergutierrez.es\\\/#\\\/schema\\\/logo\\\/image\\\/\"},\"sameAs\":[\"https:\\\/\\\/www.facebook.com\\\/balaguergutierrezcs\\\/\",\"https:\\\/\\\/www.instagram.com\\\/balaguergutierrezsl\\\/\"]},{\"@type\":\"Person\",\"@id\":\"https:\\\/\\\/balaguergutierrez.es\\\/#\\\/schema\\\/person\\\/d9f10607ee7f5a76d713b12c59e16f06\",\"name\":\"Balaguer guti\u00e9rrez\",\"sameAs\":[\"https:\\\/\\\/balaguergutierrez.es\"],\"url\":\"https:\\\/\\\/balaguergutierrez.es\\\/index.php\\\/author\\\/root_jz69qmt7\\\/\"}]}<\/script>\n<!-- \/ Yoast SEO plugin. -->","yoast_head_json":{"title":"balaguergutierrez.es Seguro de Dependencia","description":"Seguro de dependencia: renta y capital para cuidados y adaptaci\u00f3n del hogar. Estudio gratuito con Corredur\u00eda independiente.","robots":{"index":"index","follow":"follow","max-snippet":"max-snippet:-1","max-image-preview":"max-image-preview:large","max-video-preview":"max-video-preview:-1"},"canonical":"https:\/\/balaguergutierrez.es\/index.php\/2025\/12\/03\/seguro-de-dependencia-dignidad-cuidados-y-liquidez-cuando-mas-se-necesita\/","og_locale":"es_ES","og_type":"article","og_title":"balaguergutierrez.es Seguro de Dependencia","og_description":"Seguro de dependencia: renta y capital para cuidados y adaptaci\u00f3n del hogar. Estudio gratuito con Corredur\u00eda independiente.","og_url":"https:\/\/balaguergutierrez.es\/index.php\/2025\/12\/03\/seguro-de-dependencia-dignidad-cuidados-y-liquidez-cuando-mas-se-necesita\/","og_site_name":"balaguergutierrez.es","article_publisher":"https:\/\/www.facebook.com\/balaguergutierrezcs\/","article_published_time":"2025-12-03T11:00:00+00:00","og_image":[{"width":1250,"height":833,"url":"https:\/\/balaguergutierrez.es\/wp-content\/uploads\/2025\/11\/seguro-dependencia-2025.webp","type":"image\/webp"}],"author":"Balaguer guti\u00e9rrez","twitter_misc":{"Escrito por":"Balaguer guti\u00e9rrez","Tiempo de lectura":"3 minutos"},"schema":{"@context":"https:\/\/schema.org","@graph":[{"@type":"Article","@id":"https:\/\/balaguergutierrez.es\/index.php\/2025\/12\/03\/seguro-de-dependencia-dignidad-cuidados-y-liquidez-cuando-mas-se-necesita\/#article","isPartOf":{"@id":"https:\/\/balaguergutierrez.es\/index.php\/2025\/12\/03\/seguro-de-dependencia-dignidad-cuidados-y-liquidez-cuando-mas-se-necesita\/"},"author":{"name":"Balaguer guti\u00e9rrez","@id":"https:\/\/balaguergutierrez.es\/#\/schema\/person\/d9f10607ee7f5a76d713b12c59e16f06"},"headline":"Seguro de dependencia: dignidad, cuidados y liquidez cuando m\u00e1s se necesita","datePublished":"2025-12-03T11:00:00+00:00","mainEntityOfPage":{"@id":"https:\/\/balaguergutierrez.es\/index.php\/2025\/12\/03\/seguro-de-dependencia-dignidad-cuidados-y-liquidez-cuando-mas-se-necesita\/"},"wordCount":442,"publisher":{"@id":"https:\/\/balaguergutierrez.es\/#organization"},"image":{"@id":"https:\/\/balaguergutierrez.es\/index.php\/2025\/12\/03\/seguro-de-dependencia-dignidad-cuidados-y-liquidez-cuando-mas-se-necesita\/#primaryimage"},"thumbnailUrl":"https:\/\/balaguergutierrez.es\/wp-content\/uploads\/2025\/11\/seguro-dependencia-2025.webp","keywords":["autonom\u00eda personal","Baleares","cuidados de larga duraci\u00f3n","discapacidad","Palma de Mallorca","seguro de dependencia"],"articleSection":["Aut\u00f3nomos","Seguro de Dependencia","Seguro de Salud","Seguro de Vida"],"inLanguage":"es"},{"@type":"WebPage","@id":"https:\/\/balaguergutierrez.es\/index.php\/2025\/12\/03\/seguro-de-dependencia-dignidad-cuidados-y-liquidez-cuando-mas-se-necesita\/","url":"https:\/\/balaguergutierrez.es\/index.php\/2025\/12\/03\/seguro-de-dependencia-dignidad-cuidados-y-liquidez-cuando-mas-se-necesita\/","name":"balaguergutierrez.es Seguro de Dependencia","isPartOf":{"@id":"https:\/\/balaguergutierrez.es\/#website"},"primaryImageOfPage":{"@id":"https:\/\/balaguergutierrez.es\/index.php\/2025\/12\/03\/seguro-de-dependencia-dignidad-cuidados-y-liquidez-cuando-mas-se-necesita\/#primaryimage"},"image":{"@id":"https:\/\/balaguergutierrez.es\/index.php\/2025\/12\/03\/seguro-de-dependencia-dignidad-cuidados-y-liquidez-cuando-mas-se-necesita\/#primaryimage"},"thumbnailUrl":"https:\/\/balaguergutierrez.es\/wp-content\/uploads\/2025\/11\/seguro-dependencia-2025.webp","datePublished":"2025-12-03T11:00:00+00:00","description":"Seguro de dependencia: renta y capital para cuidados y adaptaci\u00f3n del hogar. Estudio gratuito con Corredur\u00eda independiente.","breadcrumb":{"@id":"https:\/\/balaguergutierrez.es\/index.php\/2025\/12\/03\/seguro-de-dependencia-dignidad-cuidados-y-liquidez-cuando-mas-se-necesita\/#breadcrumb"},"inLanguage":"es","potentialAction":[{"@type":"ReadAction","target":["https:\/\/balaguergutierrez.es\/index.php\/2025\/12\/03\/seguro-de-dependencia-dignidad-cuidados-y-liquidez-cuando-mas-se-necesita\/"]}]},{"@type":"ImageObject","inLanguage":"es","@id":"https:\/\/balaguergutierrez.es\/index.php\/2025\/12\/03\/seguro-de-dependencia-dignidad-cuidados-y-liquidez-cuando-mas-se-necesita\/#primaryimage","url":"https:\/\/balaguergutierrez.es\/wp-content\/uploads\/2025\/11\/seguro-dependencia-2025.webp","contentUrl":"https:\/\/balaguergutierrez.es\/wp-content\/uploads\/2025\/11\/seguro-dependencia-2025.webp","width":1250,"height":833,"caption":"Corredor de seguros revisando una p\u00f3liza de dependencia con una familia"},{"@type":"BreadcrumbList","@id":"https:\/\/balaguergutierrez.es\/index.php\/2025\/12\/03\/seguro-de-dependencia-dignidad-cuidados-y-liquidez-cuando-mas-se-necesita\/#breadcrumb","itemListElement":[{"@type":"ListItem","position":1,"name":"Portada","item":"https:\/\/balaguergutierrez.es\/"},{"@type":"ListItem","position":2,"name":"Seguro de dependencia: dignidad, cuidados y liquidez cuando m\u00e1s se necesita"}]},{"@type":"WebSite","@id":"https:\/\/balaguergutierrez.es\/#website","url":"https:\/\/balaguergutierrez.es\/","name":"Balaguer & Guti\u00e9rrez, Corredur\u00eda de Seguros","description":"Aseguramos lo que de verdad importa","publisher":{"@id":"https:\/\/balaguergutierrez.es\/#organization"},"potentialAction":[{"@type":"SearchAction","target":{"@type":"EntryPoint","urlTemplate":"https:\/\/balaguergutierrez.es\/?s={search_term_string}"},"query-input":{"@type":"PropertyValueSpecification","valueRequired":true,"valueName":"search_term_string"}}],"inLanguage":"es"},{"@type":"Organization","@id":"https:\/\/balaguergutierrez.es\/#organization","name":"Balaguer & Guti\u00e9rrez SL","url":"https:\/\/balaguergutierrez.es\/","logo":{"@type":"ImageObject","inLanguage":"es","@id":"https:\/\/balaguergutierrez.es\/#\/schema\/logo\/image\/","url":"https:\/\/balaguergutierrez.es\/wp-content\/uploads\/2023\/03\/bg2014-Personalizado-1.png","contentUrl":"https:\/\/balaguergutierrez.es\/wp-content\/uploads\/2023\/03\/bg2014-Personalizado-1.png","width":300,"height":56,"caption":"Balaguer & Guti\u00e9rrez SL"},"image":{"@id":"https:\/\/balaguergutierrez.es\/#\/schema\/logo\/image\/"},"sameAs":["https:\/\/www.facebook.com\/balaguergutierrezcs\/","https:\/\/www.instagram.com\/balaguergutierrezsl\/"]},{"@type":"Person","@id":"https:\/\/balaguergutierrez.es\/#\/schema\/person\/d9f10607ee7f5a76d713b12c59e16f06","name":"Balaguer guti\u00e9rrez","sameAs":["https:\/\/balaguergutierrez.es"],"url":"https:\/\/balaguergutierrez.es\/index.php\/author\/root_jz69qmt7\/"}]}},"_links":{"self":[{"href":"https:\/\/balaguergutierrez.es\/index.php\/wp-json\/wp\/v2\/posts\/1280","targetHints":{"allow":["GET"]}}],"collection":[{"href":"https:\/\/balaguergutierrez.es\/index.php\/wp-json\/wp\/v2\/posts"}],"about":[{"href":"https:\/\/balaguergutierrez.es\/index.php\/wp-json\/wp\/v2\/types\/post"}],"author":[{"embeddable":true,"href":"https:\/\/balaguergutierrez.es\/index.php\/wp-json\/wp\/v2\/users\/1"}],"replies":[{"embeddable":true,"href":"https:\/\/balaguergutierrez.es\/index.php\/wp-json\/wp\/v2\/comments?post=1280"}],"version-history":[{"count":3,"href":"https:\/\/balaguergutierrez.es\/index.php\/wp-json\/wp\/v2\/posts\/1280\/revisions"}],"predecessor-version":[{"id":1285,"href":"https:\/\/balaguergutierrez.es\/index.php\/wp-json\/wp\/v2\/posts\/1280\/revisions\/1285"}],"wp:featuredmedia":[{"embeddable":true,"href":"https:\/\/balaguergutierrez.es\/index.php\/wp-json\/wp\/v2\/media\/1281"}],"wp:attachment":[{"href":"https:\/\/balaguergutierrez.es\/index.php\/wp-json\/wp\/v2\/media?parent=1280"}],"wp:term":[{"taxonomy":"category","embeddable":true,"href":"https:\/\/balaguergutierrez.es\/index.php\/wp-json\/wp\/v2\/categories?post=1280"},{"taxonomy":"post_tag","embeddable":true,"href":"https:\/\/balaguergutierrez.es\/index.php\/wp-json\/wp\/v2\/tags?post=1280"}],"curies":[{"name":"wp","href":"https:\/\/api.w.org\/{rel}","templated":true}]}}