{"id":1298,"date":"2025-12-22T12:00:00","date_gmt":"2025-12-22T11:00:00","guid":{"rendered":"https:\/\/balaguergutierrez.es\/?p=1298"},"modified":"2025-12-19T10:26:49","modified_gmt":"2025-12-19T09:26:49","slug":"por-que-el-seguro-de-viaje-y-salud-es-ahora-imprescindible-para-viajeros","status":"publish","type":"post","link":"https:\/\/balaguergutierrez.es\/index.php\/2025\/12\/22\/por-que-el-seguro-de-viaje-y-salud-es-ahora-imprescindible-para-viajeros\/","title":{"rendered":"Por qu\u00e9 el Seguro de Viaje y Salud es ahora imprescindible para viajeros"},"content":{"rendered":"<div class=\"wp-block-image is-style-rounded\">\n<figure class=\"aligncenter size-full is-resized\"><img loading=\"lazy\" decoding=\"async\" width=\"800\" height=\"533\" sizes=\"auto, (max-width: 800px) 100vw, 800px\" src=\"https:\/\/balaguergutierrez.es\/wp-content\/uploads\/2025\/12\/seguro-viaje-baleares-2025.webp\" alt=\"\" class=\"wp-image-1299\" style=\"object-fit:cover;width:700px;height:200px\" srcset=\"https:\/\/balaguergutierrez.es\/wp-content\/uploads\/2025\/12\/seguro-viaje-baleares-2025.webp 800w, https:\/\/balaguergutierrez.es\/wp-content\/uploads\/2025\/12\/seguro-viaje-baleares-2025-300x200.webp 300w, https:\/\/balaguergutierrez.es\/wp-content\/uploads\/2025\/12\/seguro-viaje-baleares-2025-768x512.webp 768w\" \/><\/figure>\n<\/div>\n\n\n<p>El mundo ha vuelto a viajar con fuerza. Esta temporada, m\u00e1s personas est\u00e1n organizando viajes, escapadas y veranos largos fuera de casa. Esta tendencia, confirmada por el crecimiento global del mercado de seguros de viaje y el aumento de demanda de coberturas completas, no es casual: las personas quieren seguridad para lo inesperado.<\/p>\n\n\n\n<p>Pero ojo: viajar sin cobertura adecuada puede salir caro y dejar un mal recuerdo que nada tiene que ver con tus vacaciones.<\/p>\n\n\n\n<p>Qu\u00e9 est\u00e1 pasando ahora con los seguros de viaje<\/p>\n\n\n\n<ul class=\"wp-block-list\">\n<li>El mercado de seguros de viaje est\u00e1 creciendo de forma notable y se espera que siga as\u00ed en los pr\u00f3ximos a\u00f1os, con m\u00e1s viajeros buscando protecci\u00f3n desde el momento que compran el billete.<br>La experiencia del viajero est\u00e1 cambiando: la cobertura m\u00e9dica de calidad, cancelaci\u00f3n por cualquier motivo y protecci\u00f3n de equipaje son ahora prioridades claras para muchos clientes.<br>Tambi\u00e9n hay m\u00e1s viajeros que exigen respuestas claras y sencillas cuando pasa algo fuera de Espa\u00f1a (no basta con la tarjeta sanitaria europea en muchos casos). <\/li>\n<\/ul>\n\n\n\n<p>Por qu\u00e9 esto importa a quien viaja, cada viaje es una oportunidad. Pero tambi\u00e9n viene con riesgos: una ca\u00edda esquiando en los Alpes, una enfermedad imprevista en un crucero o un problema m\u00e9dico en un safari. Las coberturas de viaje no son un \u201cextra agradable\u201d: son la garant\u00eda de que no tendr\u00e1s que pagar de tu bolsillo 10.000\u202f\u20ac, 20.000\u202f\u20ac o m\u00e1s por una ambulancia a\u00e9rea o atenci\u00f3n m\u00e9dica en otro pa\u00eds.<\/p>\n\n\n\n<h4 class=\"wp-block-heading\">Soluciones de seguro de viaje que ofrecemos<\/h4>\n\n\n\n<ul class=\"wp-block-list\">\n<li><strong>Asistencia m\u00e9dica internacional amplia<\/strong>\n<ul class=\"wp-block-list\">\n<li>Incluye gastos hospitalarios, consultas, pruebas y repatriaci\u00f3n.<\/li>\n\n\n\n<li>Cobertura de COVID y otras enfermedades emergentes si aplican.<\/li>\n\n\n\n<li><\/li>\n<\/ul>\n<\/li>\n\n\n\n<li><strong>Cancelaci\u00f3n y modificaci\u00f3n del viaje<\/strong>\n<ul class=\"wp-block-list\">\n<li>Recupera tu dinero si tu viaje se cancela por causas justificadas.<\/li>\n\n\n\n<li>Opciones \u201cCancel for Any Reason\u201d disponibles para tranquilidad m\u00e1xima.<\/li>\n\n\n\n<li><\/li>\n<\/ul>\n<\/li>\n\n\n\n<li><strong>P\u00e9rdida\/robo de equipaje y documentos<\/strong>\n<ul class=\"wp-block-list\">\n<li>Reembolso r\u00e1pido y apoyo para recuperar tus cosas y seguir con el plan.<\/li>\n\n\n\n<li><\/li>\n<\/ul>\n<\/li>\n\n\n\n<li><strong>Seguro espec\u00edfico para deportes de aventura<\/strong>\n<ul class=\"wp-block-list\">\n<li>Cobertura para esqu\u00ed, buceo, ciclismo y otros deportes que muchos viajeros practican en sus viajes.<\/li>\n\n\n\n<li>Importante porque no todas las p\u00f3lizas est\u00e1ndar lo cubren.<\/li>\n\n\n\n<li><\/li>\n<\/ul>\n<\/li>\n\n\n\n<li><strong>Protecci\u00f3n legal y asistencia 24\/7 en espa\u00f1ol<\/strong>\n<ul class=\"wp-block-list\">\n<li>Un equipo que te atiende cuando m\u00e1s lo necesitas, sin barreras de idioma.<\/li>\n<\/ul>\n<\/li>\n<\/ul>\n\n\n\n<p>Viaja seguro. Te ayudamos a elegir el seguro de viaje y salud que realmente necesitas, sin jergas ni sorpresas.<\/p>\n\n\n\n<div class=\"wp-block-buttons is-content-justification-center is-layout-flex wp-container-core-buttons-is-layout-16018d1d wp-block-buttons-is-layout-flex\">\n<div class=\"wp-block-button\"><a class=\"wp-block-button__link has-white-color has-vivid-red-background-color has-text-color has-background has-link-color wp-element-button\" href=\"https:\/\/balaguergutierrez.es\/index.php\/seguro-asistencia-viaje-mallorca\/\">Solicita tu presupuesto<\/a><\/div>\n<\/div>\n","protected":false},"excerpt":{"rendered":"<p>El mundo ha vuelto a viajar con fuerza. Esta temporada, m\u00e1s personas est\u00e1n organizando viajes, escapadas y veranos largos fuera de casa. Esta tendencia, confirmada por el crecimiento global del mercado de seguros de viaje y el aumento de demanda<\/p>\n","protected":false},"author":1,"featured_media":1299,"comment_status":"closed","ping_status":"closed","sticky":false,"template":"","format":"standard","meta":{"footnotes":""},"categories":[42,36,38],"tags":[159,117,168,169,116,167,166],"class_list":["post-1298","post","type-post","status-publish","format-standard","has-post-thumbnail","hentry","category-asistencia-en-viaje","category-seguro-de-salud","category-seguro-de-vida","tag-asistencia-en-viaje","tag-baleares","tag-deportes-de-aventura","tag-equipaje","tag-palma-de-mallorca","tag-salud-internacional","tag-seguro-de-viaje","","tg-column-third"],"yoast_head":"<!-- This site is optimized with the Yoast SEO plugin v27.4 - https:\/\/yoast.com\/product\/yoast-seo-wordpress\/ -->\n<title>Seguro de viaje: asistencia m\u00e9dica, cancelaci\u00f3n, equipaje y m\u00e1s<\/title>\n<meta name=\"description\" content=\"Seguro de viaje: asistencia m\u00e9dica internacional, cancelaci\u00f3n, equipaje y deportes de aventura con asesoramiento profesional.\" \/>\n<meta name=\"robots\" content=\"index, follow, max-snippet:-1, max-image-preview:large, max-video-preview:-1\" \/>\n<link rel=\"canonical\" href=\"https:\/\/balaguergutierrez.es\/index.php\/2025\/12\/22\/por-que-el-seguro-de-viaje-y-salud-es-ahora-imprescindible-para-viajeros\/\" \/>\n<meta property=\"og:locale\" content=\"es_ES\" \/>\n<meta property=\"og:type\" content=\"article\" \/>\n<meta property=\"og:title\" content=\"Seguro de viaje: asistencia m\u00e9dica, cancelaci\u00f3n, equipaje y m\u00e1s\" \/>\n<meta property=\"og:description\" content=\"Seguro de viaje: asistencia m\u00e9dica internacional, cancelaci\u00f3n, equipaje y deportes de aventura con asesoramiento profesional.\" \/>\n<meta property=\"og:url\" content=\"https:\/\/balaguergutierrez.es\/index.php\/2025\/12\/22\/por-que-el-seguro-de-viaje-y-salud-es-ahora-imprescindible-para-viajeros\/\" \/>\n<meta property=\"og:site_name\" content=\"balaguergutierrez.es\" \/>\n<meta property=\"article:publisher\" content=\"https:\/\/www.facebook.com\/balaguergutierrezcs\/\" \/>\n<meta property=\"article:published_time\" content=\"2025-12-22T11:00:00+00:00\" \/>\n<meta property=\"og:image\" content=\"https:\/\/balaguergutierrez.es\/wp-content\/uploads\/2025\/12\/seguro-viaje-baleares-2025.webp\" \/>\n\t<meta property=\"og:image:width\" content=\"800\" \/>\n\t<meta property=\"og:image:height\" content=\"533\" \/>\n\t<meta property=\"og:image:type\" content=\"image\/webp\" \/>\n<meta name=\"author\" content=\"Balaguer guti\u00e9rrez\" \/>\n<meta name=\"twitter:label1\" content=\"Escrito por\" \/>\n\t<meta name=\"twitter:data1\" content=\"Balaguer guti\u00e9rrez\" \/>\n\t<meta name=\"twitter:label2\" content=\"Tiempo de lectura\" \/>\n\t<meta name=\"twitter:data2\" content=\"3 minutos\" \/>\n<script type=\"application\/ld+json\" class=\"yoast-schema-graph\">{\"@context\":\"https:\\\/\\\/schema.org\",\"@graph\":[{\"@type\":\"Article\",\"@id\":\"https:\\\/\\\/balaguergutierrez.es\\\/index.php\\\/2025\\\/12\\\/22\\\/por-que-el-seguro-de-viaje-y-salud-es-ahora-imprescindible-para-viajeros\\\/#article\",\"isPartOf\":{\"@id\":\"https:\\\/\\\/balaguergutierrez.es\\\/index.php\\\/2025\\\/12\\\/22\\\/por-que-el-seguro-de-viaje-y-salud-es-ahora-imprescindible-para-viajeros\\\/\"},\"author\":{\"name\":\"Balaguer guti\u00e9rrez\",\"@id\":\"https:\\\/\\\/balaguergutierrez.es\\\/#\\\/schema\\\/person\\\/d9f10607ee7f5a76d713b12c59e16f06\"},\"headline\":\"Por qu\u00e9 el Seguro de Viaje y Salud es ahora imprescindible para viajeros\",\"datePublished\":\"2025-12-22T11:00:00+00:00\",\"mainEntityOfPage\":{\"@id\":\"https:\\\/\\\/balaguergutierrez.es\\\/index.php\\\/2025\\\/12\\\/22\\\/por-que-el-seguro-de-viaje-y-salud-es-ahora-imprescindible-para-viajeros\\\/\"},\"wordCount\":428,\"publisher\":{\"@id\":\"https:\\\/\\\/balaguergutierrez.es\\\/#organization\"},\"image\":{\"@id\":\"https:\\\/\\\/balaguergutierrez.es\\\/index.php\\\/2025\\\/12\\\/22\\\/por-que-el-seguro-de-viaje-y-salud-es-ahora-imprescindible-para-viajeros\\\/#primaryimage\"},\"thumbnailUrl\":\"https:\\\/\\\/balaguergutierrez.es\\\/wp-content\\\/uploads\\\/2025\\\/12\\\/seguro-viaje-baleares-2025.webp\",\"keywords\":[\"asistencia en viaje\",\"Baleares\",\"deportes de aventura\",\"equipaje\",\"Palma de Mallorca\",\"salud internacional\",\"seguro de viaje\"],\"articleSection\":[\"Asistencia en Viaje\",\"Seguro de Salud\",\"Seguro de Vida\"],\"inLanguage\":\"es\"},{\"@type\":\"WebPage\",\"@id\":\"https:\\\/\\\/balaguergutierrez.es\\\/index.php\\\/2025\\\/12\\\/22\\\/por-que-el-seguro-de-viaje-y-salud-es-ahora-imprescindible-para-viajeros\\\/\",\"url\":\"https:\\\/\\\/balaguergutierrez.es\\\/index.php\\\/2025\\\/12\\\/22\\\/por-que-el-seguro-de-viaje-y-salud-es-ahora-imprescindible-para-viajeros\\\/\",\"name\":\"Seguro de viaje: asistencia m\u00e9dica, cancelaci\u00f3n, equipaje y m\u00e1s\",\"isPartOf\":{\"@id\":\"https:\\\/\\\/balaguergutierrez.es\\\/#website\"},\"primaryImageOfPage\":{\"@id\":\"https:\\\/\\\/balaguergutierrez.es\\\/index.php\\\/2025\\\/12\\\/22\\\/por-que-el-seguro-de-viaje-y-salud-es-ahora-imprescindible-para-viajeros\\\/#primaryimage\"},\"image\":{\"@id\":\"https:\\\/\\\/balaguergutierrez.es\\\/index.php\\\/2025\\\/12\\\/22\\\/por-que-el-seguro-de-viaje-y-salud-es-ahora-imprescindible-para-viajeros\\\/#primaryimage\"},\"thumbnailUrl\":\"https:\\\/\\\/balaguergutierrez.es\\\/wp-content\\\/uploads\\\/2025\\\/12\\\/seguro-viaje-baleares-2025.webp\",\"datePublished\":\"2025-12-22T11:00:00+00:00\",\"description\":\"Seguro de viaje: asistencia m\u00e9dica internacional, cancelaci\u00f3n, equipaje y deportes de aventura con asesoramiento profesional.\",\"breadcrumb\":{\"@id\":\"https:\\\/\\\/balaguergutierrez.es\\\/index.php\\\/2025\\\/12\\\/22\\\/por-que-el-seguro-de-viaje-y-salud-es-ahora-imprescindible-para-viajeros\\\/#breadcrumb\"},\"inLanguage\":\"es\",\"potentialAction\":[{\"@type\":\"ReadAction\",\"target\":[\"https:\\\/\\\/balaguergutierrez.es\\\/index.php\\\/2025\\\/12\\\/22\\\/por-que-el-seguro-de-viaje-y-salud-es-ahora-imprescindible-para-viajeros\\\/\"]}]},{\"@type\":\"ImageObject\",\"inLanguage\":\"es\",\"@id\":\"https:\\\/\\\/balaguergutierrez.es\\\/index.php\\\/2025\\\/12\\\/22\\\/por-que-el-seguro-de-viaje-y-salud-es-ahora-imprescindible-para-viajeros\\\/#primaryimage\",\"url\":\"https:\\\/\\\/balaguergutierrez.es\\\/wp-content\\\/uploads\\\/2025\\\/12\\\/seguro-viaje-baleares-2025.webp\",\"contentUrl\":\"https:\\\/\\\/balaguergutierrez.es\\\/wp-content\\\/uploads\\\/2025\\\/12\\\/seguro-viaje-baleares-2025.webp\",\"width\":800,\"height\":533,\"caption\":\"Familia sonriente con maletas en aeropuerto listo para viajar\"},{\"@type\":\"BreadcrumbList\",\"@id\":\"https:\\\/\\\/balaguergutierrez.es\\\/index.php\\\/2025\\\/12\\\/22\\\/por-que-el-seguro-de-viaje-y-salud-es-ahora-imprescindible-para-viajeros\\\/#breadcrumb\",\"itemListElement\":[{\"@type\":\"ListItem\",\"position\":1,\"name\":\"Portada\",\"item\":\"https:\\\/\\\/balaguergutierrez.es\\\/\"},{\"@type\":\"ListItem\",\"position\":2,\"name\":\"Por qu\u00e9 el Seguro de Viaje y Salud es ahora imprescindible para viajeros\"}]},{\"@type\":\"WebSite\",\"@id\":\"https:\\\/\\\/balaguergutierrez.es\\\/#website\",\"url\":\"https:\\\/\\\/balaguergutierrez.es\\\/\",\"name\":\"Balaguer & Guti\u00e9rrez, Corredur\u00eda de Seguros\",\"description\":\"Aseguramos lo que de verdad importa\",\"publisher\":{\"@id\":\"https:\\\/\\\/balaguergutierrez.es\\\/#organization\"},\"potentialAction\":[{\"@type\":\"SearchAction\",\"target\":{\"@type\":\"EntryPoint\",\"urlTemplate\":\"https:\\\/\\\/balaguergutierrez.es\\\/?s={search_term_string}\"},\"query-input\":{\"@type\":\"PropertyValueSpecification\",\"valueRequired\":true,\"valueName\":\"search_term_string\"}}],\"inLanguage\":\"es\"},{\"@type\":\"Organization\",\"@id\":\"https:\\\/\\\/balaguergutierrez.es\\\/#organization\",\"name\":\"Balaguer & Guti\u00e9rrez SL\",\"url\":\"https:\\\/\\\/balaguergutierrez.es\\\/\",\"logo\":{\"@type\":\"ImageObject\",\"inLanguage\":\"es\",\"@id\":\"https:\\\/\\\/balaguergutierrez.es\\\/#\\\/schema\\\/logo\\\/image\\\/\",\"url\":\"https:\\\/\\\/balaguergutierrez.es\\\/wp-content\\\/uploads\\\/2023\\\/03\\\/bg2014-Personalizado-1.png\",\"contentUrl\":\"https:\\\/\\\/balaguergutierrez.es\\\/wp-content\\\/uploads\\\/2023\\\/03\\\/bg2014-Personalizado-1.png\",\"width\":300,\"height\":56,\"caption\":\"Balaguer & Guti\u00e9rrez SL\"},\"image\":{\"@id\":\"https:\\\/\\\/balaguergutierrez.es\\\/#\\\/schema\\\/logo\\\/image\\\/\"},\"sameAs\":[\"https:\\\/\\\/www.facebook.com\\\/balaguergutierrezcs\\\/\",\"https:\\\/\\\/www.instagram.com\\\/balaguergutierrezsl\\\/\"]},{\"@type\":\"Person\",\"@id\":\"https:\\\/\\\/balaguergutierrez.es\\\/#\\\/schema\\\/person\\\/d9f10607ee7f5a76d713b12c59e16f06\",\"name\":\"Balaguer guti\u00e9rrez\",\"sameAs\":[\"https:\\\/\\\/balaguergutierrez.es\"],\"url\":\"https:\\\/\\\/balaguergutierrez.es\\\/index.php\\\/author\\\/root_jz69qmt7\\\/\"}]}<\/script>\n<!-- \/ Yoast SEO plugin. -->","yoast_head_json":{"title":"Seguro de viaje: asistencia m\u00e9dica, cancelaci\u00f3n, equipaje y m\u00e1s","description":"Seguro de viaje: asistencia m\u00e9dica internacional, cancelaci\u00f3n, equipaje y deportes de aventura con asesoramiento profesional.","robots":{"index":"index","follow":"follow","max-snippet":"max-snippet:-1","max-image-preview":"max-image-preview:large","max-video-preview":"max-video-preview:-1"},"canonical":"https:\/\/balaguergutierrez.es\/index.php\/2025\/12\/22\/por-que-el-seguro-de-viaje-y-salud-es-ahora-imprescindible-para-viajeros\/","og_locale":"es_ES","og_type":"article","og_title":"Seguro de viaje: asistencia m\u00e9dica, cancelaci\u00f3n, equipaje y m\u00e1s","og_description":"Seguro de viaje: asistencia m\u00e9dica internacional, cancelaci\u00f3n, equipaje y deportes de aventura con asesoramiento profesional.","og_url":"https:\/\/balaguergutierrez.es\/index.php\/2025\/12\/22\/por-que-el-seguro-de-viaje-y-salud-es-ahora-imprescindible-para-viajeros\/","og_site_name":"balaguergutierrez.es","article_publisher":"https:\/\/www.facebook.com\/balaguergutierrezcs\/","article_published_time":"2025-12-22T11:00:00+00:00","og_image":[{"width":800,"height":533,"url":"https:\/\/balaguergutierrez.es\/wp-content\/uploads\/2025\/12\/seguro-viaje-baleares-2025.webp","type":"image\/webp"}],"author":"Balaguer guti\u00e9rrez","twitter_misc":{"Escrito por":"Balaguer guti\u00e9rrez","Tiempo de lectura":"3 minutos"},"schema":{"@context":"https:\/\/schema.org","@graph":[{"@type":"Article","@id":"https:\/\/balaguergutierrez.es\/index.php\/2025\/12\/22\/por-que-el-seguro-de-viaje-y-salud-es-ahora-imprescindible-para-viajeros\/#article","isPartOf":{"@id":"https:\/\/balaguergutierrez.es\/index.php\/2025\/12\/22\/por-que-el-seguro-de-viaje-y-salud-es-ahora-imprescindible-para-viajeros\/"},"author":{"name":"Balaguer guti\u00e9rrez","@id":"https:\/\/balaguergutierrez.es\/#\/schema\/person\/d9f10607ee7f5a76d713b12c59e16f06"},"headline":"Por qu\u00e9 el Seguro de Viaje y Salud es ahora imprescindible para viajeros","datePublished":"2025-12-22T11:00:00+00:00","mainEntityOfPage":{"@id":"https:\/\/balaguergutierrez.es\/index.php\/2025\/12\/22\/por-que-el-seguro-de-viaje-y-salud-es-ahora-imprescindible-para-viajeros\/"},"wordCount":428,"publisher":{"@id":"https:\/\/balaguergutierrez.es\/#organization"},"image":{"@id":"https:\/\/balaguergutierrez.es\/index.php\/2025\/12\/22\/por-que-el-seguro-de-viaje-y-salud-es-ahora-imprescindible-para-viajeros\/#primaryimage"},"thumbnailUrl":"https:\/\/balaguergutierrez.es\/wp-content\/uploads\/2025\/12\/seguro-viaje-baleares-2025.webp","keywords":["asistencia en viaje","Baleares","deportes de aventura","equipaje","Palma de Mallorca","salud internacional","seguro de viaje"],"articleSection":["Asistencia en Viaje","Seguro de Salud","Seguro de Vida"],"inLanguage":"es"},{"@type":"WebPage","@id":"https:\/\/balaguergutierrez.es\/index.php\/2025\/12\/22\/por-que-el-seguro-de-viaje-y-salud-es-ahora-imprescindible-para-viajeros\/","url":"https:\/\/balaguergutierrez.es\/index.php\/2025\/12\/22\/por-que-el-seguro-de-viaje-y-salud-es-ahora-imprescindible-para-viajeros\/","name":"Seguro de viaje: asistencia m\u00e9dica, cancelaci\u00f3n, equipaje y m\u00e1s","isPartOf":{"@id":"https:\/\/balaguergutierrez.es\/#website"},"primaryImageOfPage":{"@id":"https:\/\/balaguergutierrez.es\/index.php\/2025\/12\/22\/por-que-el-seguro-de-viaje-y-salud-es-ahora-imprescindible-para-viajeros\/#primaryimage"},"image":{"@id":"https:\/\/balaguergutierrez.es\/index.php\/2025\/12\/22\/por-que-el-seguro-de-viaje-y-salud-es-ahora-imprescindible-para-viajeros\/#primaryimage"},"thumbnailUrl":"https:\/\/balaguergutierrez.es\/wp-content\/uploads\/2025\/12\/seguro-viaje-baleares-2025.webp","datePublished":"2025-12-22T11:00:00+00:00","description":"Seguro de viaje: asistencia m\u00e9dica internacional, cancelaci\u00f3n, equipaje y deportes de aventura con asesoramiento profesional.","breadcrumb":{"@id":"https:\/\/balaguergutierrez.es\/index.php\/2025\/12\/22\/por-que-el-seguro-de-viaje-y-salud-es-ahora-imprescindible-para-viajeros\/#breadcrumb"},"inLanguage":"es","potentialAction":[{"@type":"ReadAction","target":["https:\/\/balaguergutierrez.es\/index.php\/2025\/12\/22\/por-que-el-seguro-de-viaje-y-salud-es-ahora-imprescindible-para-viajeros\/"]}]},{"@type":"ImageObject","inLanguage":"es","@id":"https:\/\/balaguergutierrez.es\/index.php\/2025\/12\/22\/por-que-el-seguro-de-viaje-y-salud-es-ahora-imprescindible-para-viajeros\/#primaryimage","url":"https:\/\/balaguergutierrez.es\/wp-content\/uploads\/2025\/12\/seguro-viaje-baleares-2025.webp","contentUrl":"https:\/\/balaguergutierrez.es\/wp-content\/uploads\/2025\/12\/seguro-viaje-baleares-2025.webp","width":800,"height":533,"caption":"Familia sonriente con maletas en aeropuerto listo para viajar"},{"@type":"BreadcrumbList","@id":"https:\/\/balaguergutierrez.es\/index.php\/2025\/12\/22\/por-que-el-seguro-de-viaje-y-salud-es-ahora-imprescindible-para-viajeros\/#breadcrumb","itemListElement":[{"@type":"ListItem","position":1,"name":"Portada","item":"https:\/\/balaguergutierrez.es\/"},{"@type":"ListItem","position":2,"name":"Por qu\u00e9 el Seguro de Viaje y Salud es ahora imprescindible para viajeros"}]},{"@type":"WebSite","@id":"https:\/\/balaguergutierrez.es\/#website","url":"https:\/\/balaguergutierrez.es\/","name":"Balaguer & Guti\u00e9rrez, Corredur\u00eda de Seguros","description":"Aseguramos lo que de verdad importa","publisher":{"@id":"https:\/\/balaguergutierrez.es\/#organization"},"potentialAction":[{"@type":"SearchAction","target":{"@type":"EntryPoint","urlTemplate":"https:\/\/balaguergutierrez.es\/?s={search_term_string}"},"query-input":{"@type":"PropertyValueSpecification","valueRequired":true,"valueName":"search_term_string"}}],"inLanguage":"es"},{"@type":"Organization","@id":"https:\/\/balaguergutierrez.es\/#organization","name":"Balaguer & Guti\u00e9rrez SL","url":"https:\/\/balaguergutierrez.es\/","logo":{"@type":"ImageObject","inLanguage":"es","@id":"https:\/\/balaguergutierrez.es\/#\/schema\/logo\/image\/","url":"https:\/\/balaguergutierrez.es\/wp-content\/uploads\/2023\/03\/bg2014-Personalizado-1.png","contentUrl":"https:\/\/balaguergutierrez.es\/wp-content\/uploads\/2023\/03\/bg2014-Personalizado-1.png","width":300,"height":56,"caption":"Balaguer & Guti\u00e9rrez SL"},"image":{"@id":"https:\/\/balaguergutierrez.es\/#\/schema\/logo\/image\/"},"sameAs":["https:\/\/www.facebook.com\/balaguergutierrezcs\/","https:\/\/www.instagram.com\/balaguergutierrezsl\/"]},{"@type":"Person","@id":"https:\/\/balaguergutierrez.es\/#\/schema\/person\/d9f10607ee7f5a76d713b12c59e16f06","name":"Balaguer guti\u00e9rrez","sameAs":["https:\/\/balaguergutierrez.es"],"url":"https:\/\/balaguergutierrez.es\/index.php\/author\/root_jz69qmt7\/"}]}},"_links":{"self":[{"href":"https:\/\/balaguergutierrez.es\/index.php\/wp-json\/wp\/v2\/posts\/1298","targetHints":{"allow":["GET"]}}],"collection":[{"href":"https:\/\/balaguergutierrez.es\/index.php\/wp-json\/wp\/v2\/posts"}],"about":[{"href":"https:\/\/balaguergutierrez.es\/index.php\/wp-json\/wp\/v2\/types\/post"}],"author":[{"embeddable":true,"href":"https:\/\/balaguergutierrez.es\/index.php\/wp-json\/wp\/v2\/users\/1"}],"replies":[{"embeddable":true,"href":"https:\/\/balaguergutierrez.es\/index.php\/wp-json\/wp\/v2\/comments?post=1298"}],"version-history":[{"count":1,"href":"https:\/\/balaguergutierrez.es\/index.php\/wp-json\/wp\/v2\/posts\/1298\/revisions"}],"predecessor-version":[{"id":1300,"href":"https:\/\/balaguergutierrez.es\/index.php\/wp-json\/wp\/v2\/posts\/1298\/revisions\/1300"}],"wp:featuredmedia":[{"embeddable":true,"href":"https:\/\/balaguergutierrez.es\/index.php\/wp-json\/wp\/v2\/media\/1299"}],"wp:attachment":[{"href":"https:\/\/balaguergutierrez.es\/index.php\/wp-json\/wp\/v2\/media?parent=1298"}],"wp:term":[{"taxonomy":"category","embeddable":true,"href":"https:\/\/balaguergutierrez.es\/index.php\/wp-json\/wp\/v2\/categories?post=1298"},{"taxonomy":"post_tag","embeddable":true,"href":"https:\/\/balaguergutierrez.es\/index.php\/wp-json\/wp\/v2\/tags?post=1298"}],"curies":[{"name":"wp","href":"https:\/\/api.w.org\/{rel}","templated":true}]}}