{"id":1308,"date":"2026-01-07T12:32:52","date_gmt":"2026-01-07T11:32:52","guid":{"rendered":"https:\/\/balaguergutierrez.es\/?p=1308"},"modified":"2026-01-05T12:50:52","modified_gmt":"2026-01-05T11:50:52","slug":"ciberseguro-baleares","status":"publish","type":"post","link":"https:\/\/balaguergutierrez.es\/index.php\/2026\/01\/07\/ciberseguro-baleares\/","title":{"rendered":"Ciberataques: por qu\u00e9 el ciberseguro ya no es solo para grandes empresas"},"content":{"rendered":"\n<figure class=\"wp-block-image size-full is-resized is-style-rounded\"><img loading=\"lazy\" decoding=\"async\" width=\"800\" height=\"533\" sizes=\"auto, (max-width: 800px) 100vw, 800px\" src=\"https:\/\/balaguergutierrez.es\/wp-content\/uploads\/2026\/01\/ciberseguro-baleares-2026.webp\" alt=\"\" class=\"wp-image-1309\" style=\"object-fit:cover;width:700px;height:200px\" srcset=\"https:\/\/balaguergutierrez.es\/wp-content\/uploads\/2026\/01\/ciberseguro-baleares-2026.webp 800w, https:\/\/balaguergutierrez.es\/wp-content\/uploads\/2026\/01\/ciberseguro-baleares-2026-300x200.webp 300w, https:\/\/balaguergutierrez.es\/wp-content\/uploads\/2026\/01\/ciberseguro-baleares-2026-768x512.webp 768w\" \/><\/figure>\n\n\n\n<p>En los \u00faltimos meses, los ciberataques a peque\u00f1as empresas, aut\u00f3nomos y despachos profesionales se han multiplicado. No hablamos solo de multinacionales, cada vez m\u00e1s comercios, asesor\u00edas, cl\u00ednicas, hoteles y aut\u00f3nomos reciben correos falsos, sufren bloqueos de sistemas o ven c\u00f3mo roban datos de clientes.<\/p>\n\n\n\n<p>La digitalizaci\u00f3n ha sido una bendici\u00f3n para los negocios. Pero tambi\u00e9n ha abierto una puerta nueva al riesgo. Y aqu\u00ed es donde el ciberseguro se ha convertido en una pieza clave de protecci\u00f3n real.<\/p>\n\n\n\n<h2 class=\"wp-block-heading\">Qu\u00e9 est\u00e1 pasando ahora<\/h2>\n\n\n\n<p>Aumentan los ataques de ransomware que bloquean ordenadores y servidores.<\/p>\n\n\n\n<ul class=\"wp-block-list\">\n<li>Crecen los fraudes por suplantaci\u00f3n de proveedores y cambios de cuenta bancaria.<\/li>\n\n\n\n<li>Se roban datos personales y profesionales, con riesgo de sanciones y p\u00e9rdida de confianza.<\/li>\n\n\n\n<li>Muchas pymes descubren que su seguro tradicional no cubre nada de esto.<\/li>\n<\/ul>\n\n\n\n<p>El resultado suele ser el mismo: par\u00f3n del negocio, estr\u00e9s, costes imprevistos y sensaci\u00f3n de indefensi\u00f3n.<\/p>\n\n\n\n<h2 class=\"wp-block-heading\">Qu\u00e9 es un ciberseguro (explicado claro)<\/h2>\n\n\n\n<p>Un ciberseguro es un seguro que te ayuda antes, durante y despu\u00e9s de un incidente digital. No solo paga: act\u00faa.<\/p>\n\n\n\n<p>Puede incluir, seg\u00fan p\u00f3liza:<\/p>\n\n\n\n<p>Asistencia inmediata de expertos en ciberseguridad para frenar el ataque.<\/p>\n\n\n\n<ul class=\"wp-block-list\">\n<li>Recuperaci\u00f3n de sistemas y datos.<\/li>\n\n\n\n<li>Cobertura de gastos por interrupci\u00f3n del negocio.<\/li>\n\n\n\n<li>Responsabilidad frente a terceros si se filtran datos de clientes.<\/li>\n\n\n\n<li>Asistencia legal y apoyo en protecci\u00f3n de datos.<\/li>\n\n\n\n<li>Gesti\u00f3n de crisis y comunicaci\u00f3n si el incidente se hace p\u00fablico.<\/li>\n<\/ul>\n\n\n\n<h1 class=\"wp-block-heading\">Soluciones seg\u00fan tu perfil<\/h1>\n\n\n\n<h2 class=\"wp-block-heading\">Para particulares<\/h2>\n\n\n\n<ul class=\"wp-block-list\">\n<li>Protecci\u00f3n frente a fraude online y robo de identidad.<\/li>\n\n\n\n<li>Ayuda en compras online fraudulentas y uso indebido de tarjetas.<\/li>\n\n\n\n<li>Cada vez m\u00e1s interesante para familias con alta actividad digital.<\/li>\n<\/ul>\n\n\n\n<h2 class=\"wp-block-heading\">Para aut\u00f3nomos<\/h2>\n\n\n\n<p>Especialmente relevante para asesor\u00edas, sanitarios, abogados, agentes inmobiliarios y comercios.<\/p>\n\n\n\n<ul class=\"wp-block-list\">\n<li>Especialmente relevante para asesor\u00edas, sanitarios, abogados, agentes inmobiliarios y comercios.<\/li>\n\n\n\n<li>Cobertura de p\u00e9rdida de ingresos si no puedes trabajar por un ataque.<\/li>\n\n\n\n<li>Apoyo legal si hay reclamaciones de clientes.<\/li>\n<\/ul>\n\n\n\n<p>Ejemplo sencillo<br>Un aut\u00f3nomo sufre un ataque que bloquea su ordenador y su agenda de clientes. El ciberseguro activa t\u00e9cnicos, recupera la informaci\u00f3n y puede cubrir los d\u00edas sin facturar.<\/p>\n\n\n\n<h2 class=\"wp-block-heading\">Para pymes y empresas<\/h2>\n\n\n\n<ul class=\"wp-block-list\">\n<li>Protecci\u00f3n integral de sistemas, servidores y correo electr\u00f3nico.<\/li>\n\n\n\n<li>Cobertura frente a sanciones y reclamaciones por fuga de datos.<\/li>\n\n\n\n<li>Continuidad de negocio: la empresa vuelve a operar cuanto antes.<\/li>\n\n\n\n<li>Muy importante para empresas con ecommerce, reservas online o datos sensibles.<\/li>\n<\/ul>\n\n\n\n<p>Ejemplo realista<br>Una empresa de servicios recibe un correo falso de \u201csu gestor\u00eda\u201d y realiza un pago fraudulento. El ciberseguro cubre parte de la p\u00e9rdida y gestiona la respuesta legal y t\u00e9cnica.<\/p>\n\n\n\n<p><strong>Por qu\u00e9 ahora es el momento de revisar tu protecci\u00f3n digital<\/strong><\/p>\n\n\n\n<ul class=\"wp-block-list\">\n<li>Los ataques ya no distinguen tama\u00f1o ni sector.<\/li>\n\n\n\n<li>La normativa de protecci\u00f3n de datos exige respuestas r\u00e1pidas y profesionales.<\/li>\n\n\n\n<li>El coste de un incidente suele ser mucho mayor que el de un buen seguro.<\/li>\n\n\n\n<li>Un ciberseguro bien dise\u00f1ado no es caro; caro es no tenerlo.<\/li>\n<\/ul>\n\n\n\n<p class=\"has-text-align-center\">En ciberseguridad, no necesitas un \u201cpapel\u201d: necesitas un aliado.<\/p>\n\n\n\n<p class=\"has-text-align-center\">Protege tu vida digital y la de tu negocio en Baleares con un ciberseguro bien hecho.<\/p>\n\n\n\n<div class=\"wp-block-buttons is-content-justification-center is-layout-flex wp-container-core-buttons-is-layout-16018d1d wp-block-buttons-is-layout-flex\">\n<div class=\"wp-block-button\"><a class=\"wp-block-button__link has-white-color has-vivid-red-background-color has-text-color has-background has-link-color wp-element-button\" href=\"https:\/\/balaguergutierrez.es\/index.php\/seguro-de-ciberriesgos\/\">M\u00e1s informaci\u00f3n<\/a><\/div>\n<\/div>\n","protected":false},"excerpt":{"rendered":"<p>En los \u00faltimos meses, los ciberataques a peque\u00f1as empresas, aut\u00f3nomos y despachos profesionales se han multiplicado. No hablamos solo de multinacionales, cada vez m\u00e1s comercios, asesor\u00edas, cl\u00ednicas, hoteles y aut\u00f3nomos reciben correos falsos, sufren bloqueos de sistemas o ven c\u00f3mo<\/p>\n","protected":false},"author":1,"featured_media":1309,"comment_status":"closed","ping_status":"closed","sticky":false,"template":"","format":"standard","meta":{"footnotes":""},"categories":[45,31,44],"tags":[113,172,170,116,107,171],"class_list":["post-1308","post","type-post","status-publish","format-standard","has-post-thumbnail","hentry","category-seguro-de-ciber-riesgos","category-seguros-para-empresas","category-seguro-de-responsabilidad-civil","tag-autonomos","tag-ciberseguridad","tag-ciberseguro","tag-palma-de-mallorca","tag-proteccion-de-datos","tag-pymes-baleares","","tg-column-third"],"yoast_head":"<!-- This site is optimized with the Yoast SEO plugin v27.4 - https:\/\/yoast.com\/product\/yoast-seo-wordpress\/ -->\n<title>Ciberseguro para Aut\u00f3nomos y PYMES<\/title>\n<meta name=\"description\" content=\"Ciberseguro para aut\u00f3nomos y empresas. Protecci\u00f3n frente a ciberataques, fraude y p\u00e9rdida de datos con asesoramiento profesional.\" \/>\n<meta name=\"robots\" content=\"index, follow, max-snippet:-1, max-image-preview:large, max-video-preview:-1\" \/>\n<link rel=\"canonical\" href=\"https:\/\/balaguergutierrez.es\/index.php\/2026\/01\/07\/ciberseguro-baleares\/\" \/>\n<meta property=\"og:locale\" content=\"es_ES\" \/>\n<meta property=\"og:type\" content=\"article\" \/>\n<meta property=\"og:title\" content=\"Ciberseguro para Aut\u00f3nomos y PYMES\" \/>\n<meta property=\"og:description\" content=\"Ciberseguro para aut\u00f3nomos y empresas. Protecci\u00f3n frente a ciberataques, fraude y p\u00e9rdida de datos con asesoramiento profesional.\" \/>\n<meta property=\"og:url\" content=\"https:\/\/balaguergutierrez.es\/index.php\/2026\/01\/07\/ciberseguro-baleares\/\" \/>\n<meta property=\"og:site_name\" content=\"balaguergutierrez.es\" \/>\n<meta property=\"article:publisher\" content=\"https:\/\/www.facebook.com\/balaguergutierrezcs\/\" \/>\n<meta property=\"article:published_time\" content=\"2026-01-07T11:32:52+00:00\" \/>\n<meta property=\"og:image\" content=\"https:\/\/balaguergutierrez.es\/wp-content\/uploads\/2026\/01\/ciberseguro-baleares-2026.webp\" \/>\n\t<meta property=\"og:image:width\" content=\"800\" \/>\n\t<meta property=\"og:image:height\" content=\"533\" \/>\n\t<meta property=\"og:image:type\" content=\"image\/jpeg\" \/>\n<meta name=\"author\" content=\"Balaguer guti\u00e9rrez\" \/>\n<meta name=\"twitter:label1\" content=\"Escrito por\" \/>\n\t<meta name=\"twitter:data1\" content=\"Balaguer guti\u00e9rrez\" \/>\n\t<meta name=\"twitter:label2\" content=\"Tiempo de lectura\" \/>\n\t<meta name=\"twitter:data2\" content=\"3 minutos\" \/>\n<script type=\"application\/ld+json\" class=\"yoast-schema-graph\">{\"@context\":\"https:\\\/\\\/schema.org\",\"@graph\":[{\"@type\":\"Article\",\"@id\":\"https:\\\/\\\/balaguergutierrez.es\\\/index.php\\\/2026\\\/01\\\/07\\\/ciberseguro-baleares\\\/#article\",\"isPartOf\":{\"@id\":\"https:\\\/\\\/balaguergutierrez.es\\\/index.php\\\/2026\\\/01\\\/07\\\/ciberseguro-baleares\\\/\"},\"author\":{\"name\":\"Balaguer guti\u00e9rrez\",\"@id\":\"https:\\\/\\\/balaguergutierrez.es\\\/#\\\/schema\\\/person\\\/d9f10607ee7f5a76d713b12c59e16f06\"},\"headline\":\"Ciberataques: por qu\u00e9 el ciberseguro ya no es solo para grandes empresas\",\"datePublished\":\"2026-01-07T11:32:52+00:00\",\"mainEntityOfPage\":{\"@id\":\"https:\\\/\\\/balaguergutierrez.es\\\/index.php\\\/2026\\\/01\\\/07\\\/ciberseguro-baleares\\\/\"},\"wordCount\":551,\"publisher\":{\"@id\":\"https:\\\/\\\/balaguergutierrez.es\\\/#organization\"},\"image\":{\"@id\":\"https:\\\/\\\/balaguergutierrez.es\\\/index.php\\\/2026\\\/01\\\/07\\\/ciberseguro-baleares\\\/#primaryimage\"},\"thumbnailUrl\":\"https:\\\/\\\/balaguergutierrez.es\\\/wp-content\\\/uploads\\\/2026\\\/01\\\/ciberseguro-baleares-2026.webp\",\"keywords\":[\"aut\u00f3nomos\",\"ciberseguridad\",\"ciberseguro\",\"Palma de Mallorca\",\"protecci\u00f3n de datos\",\"pymes Baleares\"],\"articleSection\":[\"Seguro de Ciber-riesgos\",\"Seguro de la Empresa\",\"Seguro de Responsabilidad Civil\"],\"inLanguage\":\"es\"},{\"@type\":\"WebPage\",\"@id\":\"https:\\\/\\\/balaguergutierrez.es\\\/index.php\\\/2026\\\/01\\\/07\\\/ciberseguro-baleares\\\/\",\"url\":\"https:\\\/\\\/balaguergutierrez.es\\\/index.php\\\/2026\\\/01\\\/07\\\/ciberseguro-baleares\\\/\",\"name\":\"Ciberseguro para Aut\u00f3nomos y PYMES\",\"isPartOf\":{\"@id\":\"https:\\\/\\\/balaguergutierrez.es\\\/#website\"},\"primaryImageOfPage\":{\"@id\":\"https:\\\/\\\/balaguergutierrez.es\\\/index.php\\\/2026\\\/01\\\/07\\\/ciberseguro-baleares\\\/#primaryimage\"},\"image\":{\"@id\":\"https:\\\/\\\/balaguergutierrez.es\\\/index.php\\\/2026\\\/01\\\/07\\\/ciberseguro-baleares\\\/#primaryimage\"},\"thumbnailUrl\":\"https:\\\/\\\/balaguergutierrez.es\\\/wp-content\\\/uploads\\\/2026\\\/01\\\/ciberseguro-baleares-2026.webp\",\"datePublished\":\"2026-01-07T11:32:52+00:00\",\"description\":\"Ciberseguro para aut\u00f3nomos y empresas. Protecci\u00f3n frente a ciberataques, fraude y p\u00e9rdida de datos con asesoramiento profesional.\",\"breadcrumb\":{\"@id\":\"https:\\\/\\\/balaguergutierrez.es\\\/index.php\\\/2026\\\/01\\\/07\\\/ciberseguro-baleares\\\/#breadcrumb\"},\"inLanguage\":\"es\",\"potentialAction\":[{\"@type\":\"ReadAction\",\"target\":[\"https:\\\/\\\/balaguergutierrez.es\\\/index.php\\\/2026\\\/01\\\/07\\\/ciberseguro-baleares\\\/\"]}]},{\"@type\":\"ImageObject\",\"inLanguage\":\"es\",\"@id\":\"https:\\\/\\\/balaguergutierrez.es\\\/index.php\\\/2026\\\/01\\\/07\\\/ciberseguro-baleares\\\/#primaryimage\",\"url\":\"https:\\\/\\\/balaguergutierrez.es\\\/wp-content\\\/uploads\\\/2026\\\/01\\\/ciberseguro-baleares-2026.webp\",\"contentUrl\":\"https:\\\/\\\/balaguergutierrez.es\\\/wp-content\\\/uploads\\\/2026\\\/01\\\/ciberseguro-baleares-2026.webp\",\"width\":800,\"height\":533,\"caption\":\"Empresario en oficina de Palma revisando un ordenador tras un incidente digital\"},{\"@type\":\"BreadcrumbList\",\"@id\":\"https:\\\/\\\/balaguergutierrez.es\\\/index.php\\\/2026\\\/01\\\/07\\\/ciberseguro-baleares\\\/#breadcrumb\",\"itemListElement\":[{\"@type\":\"ListItem\",\"position\":1,\"name\":\"Portada\",\"item\":\"https:\\\/\\\/balaguergutierrez.es\\\/\"},{\"@type\":\"ListItem\",\"position\":2,\"name\":\"Ciberataques: por qu\u00e9 el ciberseguro ya no es solo para grandes empresas\"}]},{\"@type\":\"WebSite\",\"@id\":\"https:\\\/\\\/balaguergutierrez.es\\\/#website\",\"url\":\"https:\\\/\\\/balaguergutierrez.es\\\/\",\"name\":\"Balaguer & Guti\u00e9rrez, Corredur\u00eda de Seguros\",\"description\":\"Aseguramos lo que de verdad importa\",\"publisher\":{\"@id\":\"https:\\\/\\\/balaguergutierrez.es\\\/#organization\"},\"potentialAction\":[{\"@type\":\"SearchAction\",\"target\":{\"@type\":\"EntryPoint\",\"urlTemplate\":\"https:\\\/\\\/balaguergutierrez.es\\\/?s={search_term_string}\"},\"query-input\":{\"@type\":\"PropertyValueSpecification\",\"valueRequired\":true,\"valueName\":\"search_term_string\"}}],\"inLanguage\":\"es\"},{\"@type\":\"Organization\",\"@id\":\"https:\\\/\\\/balaguergutierrez.es\\\/#organization\",\"name\":\"Balaguer & Guti\u00e9rrez SL\",\"url\":\"https:\\\/\\\/balaguergutierrez.es\\\/\",\"logo\":{\"@type\":\"ImageObject\",\"inLanguage\":\"es\",\"@id\":\"https:\\\/\\\/balaguergutierrez.es\\\/#\\\/schema\\\/logo\\\/image\\\/\",\"url\":\"https:\\\/\\\/balaguergutierrez.es\\\/wp-content\\\/uploads\\\/2023\\\/03\\\/bg2014-Personalizado-1.png\",\"contentUrl\":\"https:\\\/\\\/balaguergutierrez.es\\\/wp-content\\\/uploads\\\/2023\\\/03\\\/bg2014-Personalizado-1.png\",\"width\":300,\"height\":56,\"caption\":\"Balaguer & Guti\u00e9rrez SL\"},\"image\":{\"@id\":\"https:\\\/\\\/balaguergutierrez.es\\\/#\\\/schema\\\/logo\\\/image\\\/\"},\"sameAs\":[\"https:\\\/\\\/www.facebook.com\\\/balaguergutierrezcs\\\/\",\"https:\\\/\\\/www.instagram.com\\\/balaguergutierrezsl\\\/\"]},{\"@type\":\"Person\",\"@id\":\"https:\\\/\\\/balaguergutierrez.es\\\/#\\\/schema\\\/person\\\/d9f10607ee7f5a76d713b12c59e16f06\",\"name\":\"Balaguer guti\u00e9rrez\",\"sameAs\":[\"https:\\\/\\\/balaguergutierrez.es\"],\"url\":\"https:\\\/\\\/balaguergutierrez.es\\\/index.php\\\/author\\\/root_jz69qmt7\\\/\"}]}<\/script>\n<!-- \/ Yoast SEO plugin. -->","yoast_head_json":{"title":"Ciberseguro para Aut\u00f3nomos y PYMES","description":"Ciberseguro para aut\u00f3nomos y empresas. Protecci\u00f3n frente a ciberataques, fraude y p\u00e9rdida de datos con asesoramiento profesional.","robots":{"index":"index","follow":"follow","max-snippet":"max-snippet:-1","max-image-preview":"max-image-preview:large","max-video-preview":"max-video-preview:-1"},"canonical":"https:\/\/balaguergutierrez.es\/index.php\/2026\/01\/07\/ciberseguro-baleares\/","og_locale":"es_ES","og_type":"article","og_title":"Ciberseguro para Aut\u00f3nomos y PYMES","og_description":"Ciberseguro para aut\u00f3nomos y empresas. Protecci\u00f3n frente a ciberataques, fraude y p\u00e9rdida de datos con asesoramiento profesional.","og_url":"https:\/\/balaguergutierrez.es\/index.php\/2026\/01\/07\/ciberseguro-baleares\/","og_site_name":"balaguergutierrez.es","article_publisher":"https:\/\/www.facebook.com\/balaguergutierrezcs\/","article_published_time":"2026-01-07T11:32:52+00:00","og_image":[{"width":800,"height":533,"url":"https:\/\/balaguergutierrez.es\/wp-content\/uploads\/2026\/01\/ciberseguro-baleares-2026.webp","type":"image\/jpeg"}],"author":"Balaguer guti\u00e9rrez","twitter_misc":{"Escrito por":"Balaguer guti\u00e9rrez","Tiempo de lectura":"3 minutos"},"schema":{"@context":"https:\/\/schema.org","@graph":[{"@type":"Article","@id":"https:\/\/balaguergutierrez.es\/index.php\/2026\/01\/07\/ciberseguro-baleares\/#article","isPartOf":{"@id":"https:\/\/balaguergutierrez.es\/index.php\/2026\/01\/07\/ciberseguro-baleares\/"},"author":{"name":"Balaguer guti\u00e9rrez","@id":"https:\/\/balaguergutierrez.es\/#\/schema\/person\/d9f10607ee7f5a76d713b12c59e16f06"},"headline":"Ciberataques: por qu\u00e9 el ciberseguro ya no es solo para grandes empresas","datePublished":"2026-01-07T11:32:52+00:00","mainEntityOfPage":{"@id":"https:\/\/balaguergutierrez.es\/index.php\/2026\/01\/07\/ciberseguro-baleares\/"},"wordCount":551,"publisher":{"@id":"https:\/\/balaguergutierrez.es\/#organization"},"image":{"@id":"https:\/\/balaguergutierrez.es\/index.php\/2026\/01\/07\/ciberseguro-baleares\/#primaryimage"},"thumbnailUrl":"https:\/\/balaguergutierrez.es\/wp-content\/uploads\/2026\/01\/ciberseguro-baleares-2026.webp","keywords":["aut\u00f3nomos","ciberseguridad","ciberseguro","Palma de Mallorca","protecci\u00f3n de datos","pymes Baleares"],"articleSection":["Seguro de Ciber-riesgos","Seguro de la Empresa","Seguro de Responsabilidad Civil"],"inLanguage":"es"},{"@type":"WebPage","@id":"https:\/\/balaguergutierrez.es\/index.php\/2026\/01\/07\/ciberseguro-baleares\/","url":"https:\/\/balaguergutierrez.es\/index.php\/2026\/01\/07\/ciberseguro-baleares\/","name":"Ciberseguro para Aut\u00f3nomos y PYMES","isPartOf":{"@id":"https:\/\/balaguergutierrez.es\/#website"},"primaryImageOfPage":{"@id":"https:\/\/balaguergutierrez.es\/index.php\/2026\/01\/07\/ciberseguro-baleares\/#primaryimage"},"image":{"@id":"https:\/\/balaguergutierrez.es\/index.php\/2026\/01\/07\/ciberseguro-baleares\/#primaryimage"},"thumbnailUrl":"https:\/\/balaguergutierrez.es\/wp-content\/uploads\/2026\/01\/ciberseguro-baleares-2026.webp","datePublished":"2026-01-07T11:32:52+00:00","description":"Ciberseguro para aut\u00f3nomos y empresas. Protecci\u00f3n frente a ciberataques, fraude y p\u00e9rdida de datos con asesoramiento profesional.","breadcrumb":{"@id":"https:\/\/balaguergutierrez.es\/index.php\/2026\/01\/07\/ciberseguro-baleares\/#breadcrumb"},"inLanguage":"es","potentialAction":[{"@type":"ReadAction","target":["https:\/\/balaguergutierrez.es\/index.php\/2026\/01\/07\/ciberseguro-baleares\/"]}]},{"@type":"ImageObject","inLanguage":"es","@id":"https:\/\/balaguergutierrez.es\/index.php\/2026\/01\/07\/ciberseguro-baleares\/#primaryimage","url":"https:\/\/balaguergutierrez.es\/wp-content\/uploads\/2026\/01\/ciberseguro-baleares-2026.webp","contentUrl":"https:\/\/balaguergutierrez.es\/wp-content\/uploads\/2026\/01\/ciberseguro-baleares-2026.webp","width":800,"height":533,"caption":"Empresario en oficina de Palma revisando un ordenador tras un incidente digital"},{"@type":"BreadcrumbList","@id":"https:\/\/balaguergutierrez.es\/index.php\/2026\/01\/07\/ciberseguro-baleares\/#breadcrumb","itemListElement":[{"@type":"ListItem","position":1,"name":"Portada","item":"https:\/\/balaguergutierrez.es\/"},{"@type":"ListItem","position":2,"name":"Ciberataques: por qu\u00e9 el ciberseguro ya no es solo para grandes empresas"}]},{"@type":"WebSite","@id":"https:\/\/balaguergutierrez.es\/#website","url":"https:\/\/balaguergutierrez.es\/","name":"Balaguer & Guti\u00e9rrez, Corredur\u00eda de Seguros","description":"Aseguramos lo que de verdad importa","publisher":{"@id":"https:\/\/balaguergutierrez.es\/#organization"},"potentialAction":[{"@type":"SearchAction","target":{"@type":"EntryPoint","urlTemplate":"https:\/\/balaguergutierrez.es\/?s={search_term_string}"},"query-input":{"@type":"PropertyValueSpecification","valueRequired":true,"valueName":"search_term_string"}}],"inLanguage":"es"},{"@type":"Organization","@id":"https:\/\/balaguergutierrez.es\/#organization","name":"Balaguer & Guti\u00e9rrez SL","url":"https:\/\/balaguergutierrez.es\/","logo":{"@type":"ImageObject","inLanguage":"es","@id":"https:\/\/balaguergutierrez.es\/#\/schema\/logo\/image\/","url":"https:\/\/balaguergutierrez.es\/wp-content\/uploads\/2023\/03\/bg2014-Personalizado-1.png","contentUrl":"https:\/\/balaguergutierrez.es\/wp-content\/uploads\/2023\/03\/bg2014-Personalizado-1.png","width":300,"height":56,"caption":"Balaguer & Guti\u00e9rrez SL"},"image":{"@id":"https:\/\/balaguergutierrez.es\/#\/schema\/logo\/image\/"},"sameAs":["https:\/\/www.facebook.com\/balaguergutierrezcs\/","https:\/\/www.instagram.com\/balaguergutierrezsl\/"]},{"@type":"Person","@id":"https:\/\/balaguergutierrez.es\/#\/schema\/person\/d9f10607ee7f5a76d713b12c59e16f06","name":"Balaguer guti\u00e9rrez","sameAs":["https:\/\/balaguergutierrez.es"],"url":"https:\/\/balaguergutierrez.es\/index.php\/author\/root_jz69qmt7\/"}]}},"_links":{"self":[{"href":"https:\/\/balaguergutierrez.es\/index.php\/wp-json\/wp\/v2\/posts\/1308","targetHints":{"allow":["GET"]}}],"collection":[{"href":"https:\/\/balaguergutierrez.es\/index.php\/wp-json\/wp\/v2\/posts"}],"about":[{"href":"https:\/\/balaguergutierrez.es\/index.php\/wp-json\/wp\/v2\/types\/post"}],"author":[{"embeddable":true,"href":"https:\/\/balaguergutierrez.es\/index.php\/wp-json\/wp\/v2\/users\/1"}],"replies":[{"embeddable":true,"href":"https:\/\/balaguergutierrez.es\/index.php\/wp-json\/wp\/v2\/comments?post=1308"}],"version-history":[{"count":1,"href":"https:\/\/balaguergutierrez.es\/index.php\/wp-json\/wp\/v2\/posts\/1308\/revisions"}],"predecessor-version":[{"id":1310,"href":"https:\/\/balaguergutierrez.es\/index.php\/wp-json\/wp\/v2\/posts\/1308\/revisions\/1310"}],"wp:featuredmedia":[{"embeddable":true,"href":"https:\/\/balaguergutierrez.es\/index.php\/wp-json\/wp\/v2\/media\/1309"}],"wp:attachment":[{"href":"https:\/\/balaguergutierrez.es\/index.php\/wp-json\/wp\/v2\/media?parent=1308"}],"wp:term":[{"taxonomy":"category","embeddable":true,"href":"https:\/\/balaguergutierrez.es\/index.php\/wp-json\/wp\/v2\/categories?post=1308"},{"taxonomy":"post_tag","embeddable":true,"href":"https:\/\/balaguergutierrez.es\/index.php\/wp-json\/wp\/v2\/tags?post=1308"}],"curies":[{"name":"wp","href":"https:\/\/api.w.org\/{rel}","templated":true}]}}