{"id":1313,"date":"2026-01-23T12:02:00","date_gmt":"2026-01-23T11:02:00","guid":{"rendered":"https:\/\/balaguergutierrez.es\/?p=1313"},"modified":"2026-01-21T13:16:49","modified_gmt":"2026-01-21T12:16:49","slug":"seguro-impago-alquiler-2026","status":"publish","type":"post","link":"https:\/\/balaguergutierrez.es\/index.php\/2026\/01\/23\/seguro-impago-alquiler-2026\/","title":{"rendered":"Impago del alquiler y ocupaci\u00f3n: c\u00f3mo proteger tu vivienda y tus ingresos en 2026"},"content":{"rendered":"<div class=\"wp-block-image is-style-rounded\">\n<figure class=\"aligncenter size-full is-resized\"><img loading=\"lazy\" decoding=\"async\" width=\"700\" height=\"201\" sizes=\"auto, (max-width: 700px) 100vw, 700px\" src=\"https:\/\/balaguergutierrez.es\/wp-content\/uploads\/2024\/11\/Impago-de-alquileres-e1741528139170.webp\" alt=\"Imagen representativa del Seguro de Impago de Alquileres, mostrando seguridad y confianza en el proceso de alquiler de viviendas.\" class=\"wp-image-761\" style=\"object-fit:cover;width:700px;height:200px\" srcset=\"https:\/\/balaguergutierrez.es\/wp-content\/uploads\/2024\/11\/Impago-de-alquileres-e1741528139170.webp 700w, https:\/\/balaguergutierrez.es\/wp-content\/uploads\/2024\/11\/Impago-de-alquileres-e1741528139170-300x86.webp 300w\" \/><\/figure>\n<\/div>\n\n\n<p>El mercado del alquiler en Espa\u00f1a, sigue muy tensionado. Precios altos, mucha demanda y propietarios cada vez m\u00e1s preocupados por dos riesgos muy concretos: el impago del alquiler y los conflictos legales largos y costosos.<\/p>\n\n\n\n<p>En los \u00faltimos meses, las consultas sobre este tema se han disparado. Y no es casualidad. Tener un piso alquilado ya no es solo firmar un contrato y esperar a fin de mes. Hoy, proteger el ingreso del alquiler exige planificaci\u00f3n y un seguro bien hecho.<\/p>\n\n\n\n<p><strong>Qu\u00e9 preocupa ahora mismo a los propietarios.<\/strong><\/p>\n\n\n\n<ul class=\"wp-block-list\">\n<li>Inquilinos que dejan de pagar y alargan la situaci\u00f3n durante meses.<\/li>\n\n\n\n<li>Procesos de desahucio lentos y con costes legales elevados.<\/li>\n\n\n\n<li>Viviendas da\u00f1adas tras un conflicto de alquiler.<\/li>\n\n\n\n<li>Incertidumbre econ\u00f3mica para familias que dependen de esa renta.<\/li>\n\n\n\n<li>Falsas soluciones \u201cbaratas\u201d contratadas online que luego no responden.<\/li>\n<\/ul>\n\n\n\n<p>El seguro de impago del alquiler se ha convertido en una de las coberturas m\u00e1s demandadas por propietarios en Espa\u00f1a.<\/p>\n\n\n\n<h4 class=\"wp-block-heading\">Qu\u00e9 es un seguro de impago del alquiler<\/h4>\n\n\n\n<p>Es un seguro que protege al propietario si el inquilino deja de pagar. Pero no solo paga rentas: tambi\u00e9n acompa\u00f1a y defiende.<\/p>\n\n\n\n<p>Seg\u00fan p\u00f3liza, puede incluir:<\/p>\n\n\n\n<ul class=\"wp-block-list\">\n<li>Cobro de mensualidades impagadas durante varios meses.<\/li>\n\n\n\n<li>Defensa jur\u00eddica y gesti\u00f3n completa del proceso legal.<\/li>\n\n\n\n<li>Gastos de abogado y procurador.<\/li>\n\n\n\n<li>Indemnizaci\u00f3n por da\u00f1os vand\u00e1licos en la vivienda.<\/li>\n\n\n\n<li>Servicios de asesoramiento desde el primer aviso de impago.<\/li>\n<\/ul>\n\n\n\n<h4 class=\"wp-block-heading\">Soluciones seg\u00fan tu perfil<\/h4>\n\n\n\n<p><strong>Para particulares propietarios<\/strong><\/p>\n\n\n\n<ul class=\"wp-block-list\">\n<li>Ideal para quien alquila una o dos viviendas y depende del alquiler como complemento de ingresos.<\/li>\n\n\n\n<li>Tranquilidad mensual: pase lo que pase, el ingreso est\u00e1 protegido.<\/li>\n\n\n\n<li>Evita enfrentamientos directos con el inquilino.<\/li>\n<\/ul>\n\n\n\n<p><strong>Para aut\u00f3nomos e inversores<\/strong><\/p>\n\n\n\n<ul class=\"wp-block-list\">\n<li>Protecci\u00f3n clave para peque\u00f1os patrimonios inmobiliarios.<\/li>\n\n\n\n<li>Seguridad financiera para planificar gastos y pr\u00e9stamos.<\/li>\n\n\n\n<li>Imagen m\u00e1s profesional frente al inquilino.<\/li>\n<\/ul>\n\n\n\n<p><strong>Para empresas y patrimoniales<\/strong><\/p>\n\n\n\n<ul class=\"wp-block-list\">\n<li>Cobertura adaptada a varias viviendas o locales.<\/li>\n\n\n\n<li>Gesti\u00f3n centralizada de conflictos legales.<\/li>\n\n\n\n<li>Reducci\u00f3n del riesgo financiero y reputacional.<\/li>\n<\/ul>\n\n\n\n<h4 class=\"wp-block-heading\">Qu\u00e9 errores vemos al contratar sin asesoramiento<\/h4>\n\n\n\n<ul class=\"wp-block-list\">\n<li>Seguros que solo cubren pocos meses de impago.<\/li>\n\n\n\n<li>Exclusiones por perfil del inquilino mal analizado.<\/li>\n\n\n\n<li>Falta de cobertura de da\u00f1os o defensa jur\u00eddica real.<\/li>\n\n\n\n<li>P\u00f3lizas contratadas directamente con plataformas online que desaparecen cuando hay problemas.<\/li>\n<\/ul>\n\n\n\n<p>Este tipo de seguro no es est\u00e1ndar. Como Corredores de Seguros:<\/p>\n\n\n\n<ul class=\"wp-block-list\">\n<li>Analizamos la vivienda, el contrato y el perfil del inquilino.<\/li>\n\n\n\n<li>Comparamos aseguradoras especializadas en impago de alquiler.<\/li>\n\n\n\n<li>Ajustamos capitales y condiciones para que el seguro funcione de verdad.<\/li>\n\n\n\n<li>Te acompa\u00f1amos desde el primer impago hasta la resoluci\u00f3n final.<\/li>\n<\/ul>\n\n\n\n<p>Contratar directo puede parecer m\u00e1s r\u00e1pido. Contratar bien marca la diferencia entre cobrar o desesperarse.<\/p>\n\n\n\n<p>Protege tu alquiler con un seguro de impago bien dise\u00f1ado. Te asesoramos.<\/p>\n\n\n\n<div class=\"wp-block-buttons is-content-justification-center is-layout-flex wp-container-core-buttons-is-layout-16018d1d wp-block-buttons-is-layout-flex\">\n<div class=\"wp-block-button\"><a class=\"wp-block-button__link has-white-color has-vivid-red-background-color has-text-color has-background has-link-color wp-element-button\" href=\"https:\/\/balaguergutierrez.es\/index.php\/impago-de-alquileres\/\">M\u00e1s Informaci\u00f3n<\/a><\/div>\n\n\n\n<div class=\"wp-block-button\"><a class=\"wp-block-button__link has-white-color has-vivid-red-background-color has-text-color has-background has-link-color wp-element-button\" href=\"https:\/\/www.e2kimpagoalquiler.com\/correduria\/balaguergutierrez\/\" target=\"_blank\" rel=\"noreferrer noopener\">Calcula y contrata tu seguro<\/a><\/div>\n<\/div>\n\n\n\n<p><\/p>\n","protected":false},"excerpt":{"rendered":"<p>El mercado del alquiler en Espa\u00f1a, sigue muy tensionado. Precios altos, mucha demanda y propietarios cada vez m\u00e1s preocupados por dos riesgos muy concretos: el impago del alquiler y los conflictos legales largos y costosos. En los \u00faltimos meses, las<\/p>\n","protected":false},"author":1,"featured_media":761,"comment_status":"closed","ping_status":"closed","sticky":false,"template":"","format":"standard","meta":{"footnotes":""},"categories":[1],"tags":[49,117,102,116,174,173],"class_list":["post-1313","post","type-post","status-publish","format-standard","has-post-thumbnail","hentry","category-uncategorized","tag-alquiler-seguro","tag-baleares","tag-corredor-de-seguros","tag-palma-de-mallorca","tag-propietarios","tag-seguro-impago-alquiler","","tg-column-third"],"yoast_head":"<!-- This site is optimized with the Yoast SEO plugin v27.4 - https:\/\/yoast.com\/product\/yoast-seo-wordpress\/ -->\n<title>Seguro Impago alquiler - balaguergutierrez.es<\/title>\n<meta name=\"description\" content=\"Seguro de impago del alquiler en Espa\u00f1a. Protege tus rentas y tu vivienda con asesoramiento profesional. alquila sin preocupaciones\" \/>\n<meta name=\"robots\" content=\"index, follow, max-snippet:-1, max-image-preview:large, max-video-preview:-1\" \/>\n<link rel=\"canonical\" href=\"https:\/\/balaguergutierrez.es\/index.php\/2026\/01\/23\/seguro-impago-alquiler-2026\/\" \/>\n<meta property=\"og:locale\" content=\"es_ES\" \/>\n<meta property=\"og:type\" content=\"article\" \/>\n<meta property=\"og:title\" content=\"Seguro Impago alquiler - balaguergutierrez.es\" \/>\n<meta property=\"og:description\" content=\"Seguro de impago del alquiler en Espa\u00f1a. Protege tus rentas y tu vivienda con asesoramiento profesional. alquila sin preocupaciones\" \/>\n<meta property=\"og:url\" content=\"https:\/\/balaguergutierrez.es\/index.php\/2026\/01\/23\/seguro-impago-alquiler-2026\/\" \/>\n<meta property=\"og:site_name\" content=\"balaguergutierrez.es\" \/>\n<meta property=\"article:publisher\" content=\"https:\/\/www.facebook.com\/balaguergutierrezcs\/\" \/>\n<meta property=\"article:published_time\" content=\"2026-01-23T11:02:00+00:00\" \/>\n<meta property=\"og:image\" content=\"https:\/\/balaguergutierrez.es\/wp-content\/uploads\/2024\/11\/Impago-de-alquileres-e1741528139170.webp\" \/>\n\t<meta property=\"og:image:width\" content=\"700\" \/>\n\t<meta property=\"og:image:height\" content=\"201\" \/>\n\t<meta property=\"og:image:type\" content=\"image\/webp\" \/>\n<meta name=\"author\" content=\"Balaguer guti\u00e9rrez\" \/>\n<meta name=\"twitter:label1\" content=\"Escrito por\" \/>\n\t<meta name=\"twitter:data1\" content=\"Balaguer guti\u00e9rrez\" \/>\n\t<meta name=\"twitter:label2\" content=\"Tiempo de lectura\" \/>\n\t<meta name=\"twitter:data2\" content=\"3 minutos\" \/>\n<script type=\"application\/ld+json\" class=\"yoast-schema-graph\">{\"@context\":\"https:\\\/\\\/schema.org\",\"@graph\":[{\"@type\":\"Article\",\"@id\":\"https:\\\/\\\/balaguergutierrez.es\\\/index.php\\\/2026\\\/01\\\/23\\\/seguro-impago-alquiler-2026\\\/#article\",\"isPartOf\":{\"@id\":\"https:\\\/\\\/balaguergutierrez.es\\\/index.php\\\/2026\\\/01\\\/23\\\/seguro-impago-alquiler-2026\\\/\"},\"author\":{\"name\":\"Balaguer guti\u00e9rrez\",\"@id\":\"https:\\\/\\\/balaguergutierrez.es\\\/#\\\/schema\\\/person\\\/d9f10607ee7f5a76d713b12c59e16f06\"},\"headline\":\"Impago del alquiler y ocupaci\u00f3n: c\u00f3mo proteger tu vivienda y tus ingresos en 2026\",\"datePublished\":\"2026-01-23T11:02:00+00:00\",\"mainEntityOfPage\":{\"@id\":\"https:\\\/\\\/balaguergutierrez.es\\\/index.php\\\/2026\\\/01\\\/23\\\/seguro-impago-alquiler-2026\\\/\"},\"wordCount\":483,\"publisher\":{\"@id\":\"https:\\\/\\\/balaguergutierrez.es\\\/#organization\"},\"image\":{\"@id\":\"https:\\\/\\\/balaguergutierrez.es\\\/index.php\\\/2026\\\/01\\\/23\\\/seguro-impago-alquiler-2026\\\/#primaryimage\"},\"thumbnailUrl\":\"https:\\\/\\\/balaguergutierrez.es\\\/wp-content\\\/uploads\\\/2024\\\/11\\\/Impago-de-alquileres-e1741528139170.webp\",\"keywords\":[\"alquiler seguro\",\"Baleares\",\"corredor de seguros\",\"Palma de Mallorca\",\"propietarios\",\"seguro impago alquiler\"],\"articleSection\":[\"Uncategorized\"],\"inLanguage\":\"es\"},{\"@type\":\"WebPage\",\"@id\":\"https:\\\/\\\/balaguergutierrez.es\\\/index.php\\\/2026\\\/01\\\/23\\\/seguro-impago-alquiler-2026\\\/\",\"url\":\"https:\\\/\\\/balaguergutierrez.es\\\/index.php\\\/2026\\\/01\\\/23\\\/seguro-impago-alquiler-2026\\\/\",\"name\":\"Seguro Impago alquiler - balaguergutierrez.es\",\"isPartOf\":{\"@id\":\"https:\\\/\\\/balaguergutierrez.es\\\/#website\"},\"primaryImageOfPage\":{\"@id\":\"https:\\\/\\\/balaguergutierrez.es\\\/index.php\\\/2026\\\/01\\\/23\\\/seguro-impago-alquiler-2026\\\/#primaryimage\"},\"image\":{\"@id\":\"https:\\\/\\\/balaguergutierrez.es\\\/index.php\\\/2026\\\/01\\\/23\\\/seguro-impago-alquiler-2026\\\/#primaryimage\"},\"thumbnailUrl\":\"https:\\\/\\\/balaguergutierrez.es\\\/wp-content\\\/uploads\\\/2024\\\/11\\\/Impago-de-alquileres-e1741528139170.webp\",\"datePublished\":\"2026-01-23T11:02:00+00:00\",\"description\":\"Seguro de impago del alquiler en Espa\u00f1a. Protege tus rentas y tu vivienda con asesoramiento profesional. alquila sin preocupaciones\",\"breadcrumb\":{\"@id\":\"https:\\\/\\\/balaguergutierrez.es\\\/index.php\\\/2026\\\/01\\\/23\\\/seguro-impago-alquiler-2026\\\/#breadcrumb\"},\"inLanguage\":\"es\",\"potentialAction\":[{\"@type\":\"ReadAction\",\"target\":[\"https:\\\/\\\/balaguergutierrez.es\\\/index.php\\\/2026\\\/01\\\/23\\\/seguro-impago-alquiler-2026\\\/\"]}]},{\"@type\":\"ImageObject\",\"inLanguage\":\"es\",\"@id\":\"https:\\\/\\\/balaguergutierrez.es\\\/index.php\\\/2026\\\/01\\\/23\\\/seguro-impago-alquiler-2026\\\/#primaryimage\",\"url\":\"https:\\\/\\\/balaguergutierrez.es\\\/wp-content\\\/uploads\\\/2024\\\/11\\\/Impago-de-alquileres-e1741528139170.webp\",\"contentUrl\":\"https:\\\/\\\/balaguergutierrez.es\\\/wp-content\\\/uploads\\\/2024\\\/11\\\/Impago-de-alquileres-e1741528139170.webp\",\"width\":700,\"height\":201,\"caption\":\"Imagen representativa del Seguro de Impago de Alquileres, mostrando seguridad y confianza en el proceso de alquiler de viviendas.\"},{\"@type\":\"BreadcrumbList\",\"@id\":\"https:\\\/\\\/balaguergutierrez.es\\\/index.php\\\/2026\\\/01\\\/23\\\/seguro-impago-alquiler-2026\\\/#breadcrumb\",\"itemListElement\":[{\"@type\":\"ListItem\",\"position\":1,\"name\":\"Portada\",\"item\":\"https:\\\/\\\/balaguergutierrez.es\\\/\"},{\"@type\":\"ListItem\",\"position\":2,\"name\":\"Impago del alquiler y ocupaci\u00f3n: c\u00f3mo proteger tu vivienda y tus ingresos en 2026\"}]},{\"@type\":\"WebSite\",\"@id\":\"https:\\\/\\\/balaguergutierrez.es\\\/#website\",\"url\":\"https:\\\/\\\/balaguergutierrez.es\\\/\",\"name\":\"Balaguer & Guti\u00e9rrez, Corredur\u00eda de Seguros\",\"description\":\"Aseguramos lo que de verdad importa\",\"publisher\":{\"@id\":\"https:\\\/\\\/balaguergutierrez.es\\\/#organization\"},\"potentialAction\":[{\"@type\":\"SearchAction\",\"target\":{\"@type\":\"EntryPoint\",\"urlTemplate\":\"https:\\\/\\\/balaguergutierrez.es\\\/?s={search_term_string}\"},\"query-input\":{\"@type\":\"PropertyValueSpecification\",\"valueRequired\":true,\"valueName\":\"search_term_string\"}}],\"inLanguage\":\"es\"},{\"@type\":\"Organization\",\"@id\":\"https:\\\/\\\/balaguergutierrez.es\\\/#organization\",\"name\":\"Balaguer & Guti\u00e9rrez SL\",\"url\":\"https:\\\/\\\/balaguergutierrez.es\\\/\",\"logo\":{\"@type\":\"ImageObject\",\"inLanguage\":\"es\",\"@id\":\"https:\\\/\\\/balaguergutierrez.es\\\/#\\\/schema\\\/logo\\\/image\\\/\",\"url\":\"https:\\\/\\\/balaguergutierrez.es\\\/wp-content\\\/uploads\\\/2023\\\/03\\\/bg2014-Personalizado-1.png\",\"contentUrl\":\"https:\\\/\\\/balaguergutierrez.es\\\/wp-content\\\/uploads\\\/2023\\\/03\\\/bg2014-Personalizado-1.png\",\"width\":300,\"height\":56,\"caption\":\"Balaguer & Guti\u00e9rrez SL\"},\"image\":{\"@id\":\"https:\\\/\\\/balaguergutierrez.es\\\/#\\\/schema\\\/logo\\\/image\\\/\"},\"sameAs\":[\"https:\\\/\\\/www.facebook.com\\\/balaguergutierrezcs\\\/\",\"https:\\\/\\\/www.instagram.com\\\/balaguergutierrezsl\\\/\"]},{\"@type\":\"Person\",\"@id\":\"https:\\\/\\\/balaguergutierrez.es\\\/#\\\/schema\\\/person\\\/d9f10607ee7f5a76d713b12c59e16f06\",\"name\":\"Balaguer guti\u00e9rrez\",\"sameAs\":[\"https:\\\/\\\/balaguergutierrez.es\"],\"url\":\"https:\\\/\\\/balaguergutierrez.es\\\/index.php\\\/author\\\/root_jz69qmt7\\\/\"}]}<\/script>\n<!-- \/ Yoast SEO plugin. -->","yoast_head_json":{"title":"Seguro Impago alquiler - balaguergutierrez.es","description":"Seguro de impago del alquiler en Espa\u00f1a. Protege tus rentas y tu vivienda con asesoramiento profesional. alquila sin preocupaciones","robots":{"index":"index","follow":"follow","max-snippet":"max-snippet:-1","max-image-preview":"max-image-preview:large","max-video-preview":"max-video-preview:-1"},"canonical":"https:\/\/balaguergutierrez.es\/index.php\/2026\/01\/23\/seguro-impago-alquiler-2026\/","og_locale":"es_ES","og_type":"article","og_title":"Seguro Impago alquiler - balaguergutierrez.es","og_description":"Seguro de impago del alquiler en Espa\u00f1a. Protege tus rentas y tu vivienda con asesoramiento profesional. alquila sin preocupaciones","og_url":"https:\/\/balaguergutierrez.es\/index.php\/2026\/01\/23\/seguro-impago-alquiler-2026\/","og_site_name":"balaguergutierrez.es","article_publisher":"https:\/\/www.facebook.com\/balaguergutierrezcs\/","article_published_time":"2026-01-23T11:02:00+00:00","og_image":[{"width":700,"height":201,"url":"https:\/\/balaguergutierrez.es\/wp-content\/uploads\/2024\/11\/Impago-de-alquileres-e1741528139170.webp","type":"image\/webp"}],"author":"Balaguer guti\u00e9rrez","twitter_misc":{"Escrito por":"Balaguer guti\u00e9rrez","Tiempo de lectura":"3 minutos"},"schema":{"@context":"https:\/\/schema.org","@graph":[{"@type":"Article","@id":"https:\/\/balaguergutierrez.es\/index.php\/2026\/01\/23\/seguro-impago-alquiler-2026\/#article","isPartOf":{"@id":"https:\/\/balaguergutierrez.es\/index.php\/2026\/01\/23\/seguro-impago-alquiler-2026\/"},"author":{"name":"Balaguer guti\u00e9rrez","@id":"https:\/\/balaguergutierrez.es\/#\/schema\/person\/d9f10607ee7f5a76d713b12c59e16f06"},"headline":"Impago del alquiler y ocupaci\u00f3n: c\u00f3mo proteger tu vivienda y tus ingresos en 2026","datePublished":"2026-01-23T11:02:00+00:00","mainEntityOfPage":{"@id":"https:\/\/balaguergutierrez.es\/index.php\/2026\/01\/23\/seguro-impago-alquiler-2026\/"},"wordCount":483,"publisher":{"@id":"https:\/\/balaguergutierrez.es\/#organization"},"image":{"@id":"https:\/\/balaguergutierrez.es\/index.php\/2026\/01\/23\/seguro-impago-alquiler-2026\/#primaryimage"},"thumbnailUrl":"https:\/\/balaguergutierrez.es\/wp-content\/uploads\/2024\/11\/Impago-de-alquileres-e1741528139170.webp","keywords":["alquiler seguro","Baleares","corredor de seguros","Palma de Mallorca","propietarios","seguro impago alquiler"],"articleSection":["Uncategorized"],"inLanguage":"es"},{"@type":"WebPage","@id":"https:\/\/balaguergutierrez.es\/index.php\/2026\/01\/23\/seguro-impago-alquiler-2026\/","url":"https:\/\/balaguergutierrez.es\/index.php\/2026\/01\/23\/seguro-impago-alquiler-2026\/","name":"Seguro Impago alquiler - balaguergutierrez.es","isPartOf":{"@id":"https:\/\/balaguergutierrez.es\/#website"},"primaryImageOfPage":{"@id":"https:\/\/balaguergutierrez.es\/index.php\/2026\/01\/23\/seguro-impago-alquiler-2026\/#primaryimage"},"image":{"@id":"https:\/\/balaguergutierrez.es\/index.php\/2026\/01\/23\/seguro-impago-alquiler-2026\/#primaryimage"},"thumbnailUrl":"https:\/\/balaguergutierrez.es\/wp-content\/uploads\/2024\/11\/Impago-de-alquileres-e1741528139170.webp","datePublished":"2026-01-23T11:02:00+00:00","description":"Seguro de impago del alquiler en Espa\u00f1a. Protege tus rentas y tu vivienda con asesoramiento profesional. alquila sin preocupaciones","breadcrumb":{"@id":"https:\/\/balaguergutierrez.es\/index.php\/2026\/01\/23\/seguro-impago-alquiler-2026\/#breadcrumb"},"inLanguage":"es","potentialAction":[{"@type":"ReadAction","target":["https:\/\/balaguergutierrez.es\/index.php\/2026\/01\/23\/seguro-impago-alquiler-2026\/"]}]},{"@type":"ImageObject","inLanguage":"es","@id":"https:\/\/balaguergutierrez.es\/index.php\/2026\/01\/23\/seguro-impago-alquiler-2026\/#primaryimage","url":"https:\/\/balaguergutierrez.es\/wp-content\/uploads\/2024\/11\/Impago-de-alquileres-e1741528139170.webp","contentUrl":"https:\/\/balaguergutierrez.es\/wp-content\/uploads\/2024\/11\/Impago-de-alquileres-e1741528139170.webp","width":700,"height":201,"caption":"Imagen representativa del Seguro de Impago de Alquileres, mostrando seguridad y confianza en el proceso de alquiler de viviendas."},{"@type":"BreadcrumbList","@id":"https:\/\/balaguergutierrez.es\/index.php\/2026\/01\/23\/seguro-impago-alquiler-2026\/#breadcrumb","itemListElement":[{"@type":"ListItem","position":1,"name":"Portada","item":"https:\/\/balaguergutierrez.es\/"},{"@type":"ListItem","position":2,"name":"Impago del alquiler y ocupaci\u00f3n: c\u00f3mo proteger tu vivienda y tus ingresos en 2026"}]},{"@type":"WebSite","@id":"https:\/\/balaguergutierrez.es\/#website","url":"https:\/\/balaguergutierrez.es\/","name":"Balaguer & Guti\u00e9rrez, Corredur\u00eda de Seguros","description":"Aseguramos lo que de verdad importa","publisher":{"@id":"https:\/\/balaguergutierrez.es\/#organization"},"potentialAction":[{"@type":"SearchAction","target":{"@type":"EntryPoint","urlTemplate":"https:\/\/balaguergutierrez.es\/?s={search_term_string}"},"query-input":{"@type":"PropertyValueSpecification","valueRequired":true,"valueName":"search_term_string"}}],"inLanguage":"es"},{"@type":"Organization","@id":"https:\/\/balaguergutierrez.es\/#organization","name":"Balaguer & Guti\u00e9rrez SL","url":"https:\/\/balaguergutierrez.es\/","logo":{"@type":"ImageObject","inLanguage":"es","@id":"https:\/\/balaguergutierrez.es\/#\/schema\/logo\/image\/","url":"https:\/\/balaguergutierrez.es\/wp-content\/uploads\/2023\/03\/bg2014-Personalizado-1.png","contentUrl":"https:\/\/balaguergutierrez.es\/wp-content\/uploads\/2023\/03\/bg2014-Personalizado-1.png","width":300,"height":56,"caption":"Balaguer & Guti\u00e9rrez SL"},"image":{"@id":"https:\/\/balaguergutierrez.es\/#\/schema\/logo\/image\/"},"sameAs":["https:\/\/www.facebook.com\/balaguergutierrezcs\/","https:\/\/www.instagram.com\/balaguergutierrezsl\/"]},{"@type":"Person","@id":"https:\/\/balaguergutierrez.es\/#\/schema\/person\/d9f10607ee7f5a76d713b12c59e16f06","name":"Balaguer guti\u00e9rrez","sameAs":["https:\/\/balaguergutierrez.es"],"url":"https:\/\/balaguergutierrez.es\/index.php\/author\/root_jz69qmt7\/"}]}},"_links":{"self":[{"href":"https:\/\/balaguergutierrez.es\/index.php\/wp-json\/wp\/v2\/posts\/1313","targetHints":{"allow":["GET"]}}],"collection":[{"href":"https:\/\/balaguergutierrez.es\/index.php\/wp-json\/wp\/v2\/posts"}],"about":[{"href":"https:\/\/balaguergutierrez.es\/index.php\/wp-json\/wp\/v2\/types\/post"}],"author":[{"embeddable":true,"href":"https:\/\/balaguergutierrez.es\/index.php\/wp-json\/wp\/v2\/users\/1"}],"replies":[{"embeddable":true,"href":"https:\/\/balaguergutierrez.es\/index.php\/wp-json\/wp\/v2\/comments?post=1313"}],"version-history":[{"count":1,"href":"https:\/\/balaguergutierrez.es\/index.php\/wp-json\/wp\/v2\/posts\/1313\/revisions"}],"predecessor-version":[{"id":1314,"href":"https:\/\/balaguergutierrez.es\/index.php\/wp-json\/wp\/v2\/posts\/1313\/revisions\/1314"}],"wp:featuredmedia":[{"embeddable":true,"href":"https:\/\/balaguergutierrez.es\/index.php\/wp-json\/wp\/v2\/media\/761"}],"wp:attachment":[{"href":"https:\/\/balaguergutierrez.es\/index.php\/wp-json\/wp\/v2\/media?parent=1313"}],"wp:term":[{"taxonomy":"category","embeddable":true,"href":"https:\/\/balaguergutierrez.es\/index.php\/wp-json\/wp\/v2\/categories?post=1313"},{"taxonomy":"post_tag","embeddable":true,"href":"https:\/\/balaguergutierrez.es\/index.php\/wp-json\/wp\/v2\/tags?post=1313"}],"curies":[{"name":"wp","href":"https:\/\/api.w.org\/{rel}","templated":true}]}}