{"id":1350,"date":"2026-03-13T12:00:00","date_gmt":"2026-03-13T11:00:00","guid":{"rendered":"https:\/\/balaguergutierrez.es\/?p=1350"},"modified":"2026-03-04T10:59:04","modified_gmt":"2026-03-04T09:59:04","slug":"ciberseguro-baleares-empresas","status":"publish","type":"post","link":"https:\/\/balaguergutierrez.es\/index.php\/2026\/03\/13\/ciberseguro-baleares-empresas\/","title":{"rendered":"Ciberataques: el riesgo silencioso que ya amenaza a aut\u00f3nomos y pymes"},"content":{"rendered":"<div class=\"wp-block-image is-style-rounded\">\n<figure class=\"aligncenter size-large is-resized\"><img loading=\"lazy\" decoding=\"async\" width=\"1024\" height=\"683\" sizes=\"auto, (max-width: 1024px) 100vw, 1024px\" src=\"https:\/\/balaguergutierrez.es\/wp-content\/uploads\/2026\/03\/ciberseguro-empresas-baleares-2026-1024x683.webp\" alt=\"\" class=\"wp-image-1351\" style=\"object-fit:cover;width:700px;height:200px\" srcset=\"https:\/\/balaguergutierrez.es\/wp-content\/uploads\/2026\/03\/ciberseguro-empresas-baleares-2026-1024x683.webp 1024w, https:\/\/balaguergutierrez.es\/wp-content\/uploads\/2026\/03\/ciberseguro-empresas-baleares-2026-300x200.webp 300w, https:\/\/balaguergutierrez.es\/wp-content\/uploads\/2026\/03\/ciberseguro-empresas-baleares-2026-768x512.webp 768w, https:\/\/balaguergutierrez.es\/wp-content\/uploads\/2026\/03\/ciberseguro-empresas-baleares-2026.webp 1536w\" \/><\/figure>\n<\/div>\n\n\n<p>Una nueva realidad para empresas y profesionales.<\/p>\n\n\n\n<p>La digitalizaci\u00f3n ha cambiado la forma de trabajar en toda Espa\u00f1a. Facturaci\u00f3n online, reservas por internet, bases de datos de clientes, pagos digitales o acceso remoto al trabajo son ya parte del d\u00eda a d\u00eda de aut\u00f3nomos y empresas.<\/p>\n\n\n\n<p>Pero esta comodidad tiene una cara menos visible: el riesgo digital. En Espa\u00f1a se detectan cada a\u00f1o cientos de miles de incidentes relacionados con ciberseguridad, y el fraude online se ha multiplicado en los \u00faltimos a\u00f1os.<\/p>\n\n\n\n<p>Adem\u00e1s, los ataques inform\u00e1ticos ya no van solo contra grandes corporaciones. De hecho, la mayor\u00eda de los ataques afectan a peque\u00f1as y medianas empresas porque suelen tener menos protecci\u00f3n tecnol\u00f3gica.<\/p>\n\n\n\n<p>En Baleares, donde muchas empresas dependen de reservas online, comercio electr\u00f3nico o gesti\u00f3n digital de clientes, un ciberataque puede paralizar la actividad en cuesti\u00f3n de horas.<\/p>\n\n\n\n<h4 class=\"wp-block-heading\">Qu\u00e9 puede pasar realmente tras un ciberataque<\/h4>\n\n\n\n<p>Cuando una empresa sufre un incidente digital, el problema rara vez es solo t\u00e9cnico.<\/p>\n\n\n\n<p>Las consecuencias habituales son:<\/p>\n\n\n\n<ul class=\"wp-block-list\">\n<li>Bloqueo del sistema inform\u00e1tico por ransomware.<\/li>\n\n\n\n<li>Robo de datos de clientes o empleados.<\/li>\n\n\n\n<li>P\u00e9rdida de facturaci\u00f3n durante d\u00edas o semanas.<\/li>\n\n\n\n<li>Reclamaciones de terceros por filtraci\u00f3n de datos.<\/li>\n\n\n\n<li>Sanciones por incumplimiento de normativa de protecci\u00f3n de datos.<\/li>\n\n\n\n<li>Da\u00f1o reputacional dif\u00edcil de reparar.<\/li>\n<\/ul>\n\n\n\n<p>Muchas empresas descubren tarde que un simple correo fraudulento o una contrase\u00f1a d\u00e9bil puede desencadenar un problema serio.<\/p>\n\n\n\n<p>Aqu\u00ed es donde entra el <a href=\"https:\/\/balaguergutierrez.es\/index.php\/seguro-de-ciberriesgos\/\">seguro de ciberriesgos.<\/a><\/p>\n\n\n\n<h4 class=\"wp-block-heading\">Qu\u00e9 cubre un <a href=\"https:\/\/balaguergutierrez.es\/index.php\/seguro-de-ciberriesgos\/\">seguro de ciberriesgo<\/a> bien dise\u00f1ado<\/h4>\n\n\n\n<p>Un buen seguro ciber no solo paga los da\u00f1os. Tambi\u00e9n ayuda a gestionar la crisis.<\/p>\n\n\n\n<p>Puede incluir:<\/p>\n\n\n\n<ul class=\"wp-block-list\">\n<li>Recuperaci\u00f3n de sistemas inform\u00e1ticos.<\/li>\n\n\n\n<li>Pago de gastos de especialistas en ciberseguridad.<\/li>\n\n\n\n<li>Gesti\u00f3n de crisis y comunicaci\u00f3n.<\/li>\n\n\n\n<li>Defensa legal y reclamaciones de terceros.<\/li>\n\n\n\n<li>Cobertura por interrupci\u00f3n de negocio.<\/li>\n\n\n\n<li>Asistencia ante robo de datos o fraude digital.<\/li>\n<\/ul>\n\n\n\n<p>En muchos casos, el seguro tambi\u00e9n proporciona asistencia inmediata para contener el ataque y recuperar la actividad.<\/p>\n\n\n\n<p>Un ejemplo realista. Una empresa tur\u00edstica de Mallorca sufre un ataque que bloquea su sistema de reservas. El seguro cubre expertos en recuperaci\u00f3n, gastos legales y p\u00e9rdidas econ\u00f3micas por interrupci\u00f3n del negocio.<\/p>\n\n\n\n<h4 class=\"wp-block-heading\">Errores habituales al contratar sin asesoramiento<\/h4>\n\n\n\n<p>Aqu\u00ed es donde vemos muchos problemas.<\/p>\n\n\n\n<p>Errores frecuentes:<\/p>\n\n\n\n<ul class=\"wp-block-list\">\n<li>Pensar que el antivirus es suficiente protecci\u00f3n.<\/li>\n\n\n\n<li>Creer que solo las grandes empresas sufren ataques.<\/li>\n\n\n\n<li>No cubrir la p\u00e9rdida de ingresos por paralizaci\u00f3n del negocio.<\/li>\n\n\n\n<li>Contratar p\u00f3lizas gen\u00e9ricas directamente con el banco o por internet sin analizar riesgos reales.<\/li>\n<\/ul>\n\n\n\n<p class=\"has-text-align-center\"><strong>Un <a href=\"https:\/\/balaguergutierrez.es\/index.php\/seguro-de-ciberriesgos\/\">seguro ciber mal <\/a>contratado puede dejar fuera precisamente lo m\u00e1s importante.<\/strong><\/p>\n\n\n\n<p>Si tienes una empresa, eres aut\u00f3nomo o gestionas datos de clientes, revisa tu protecci\u00f3n digital antes de que llegue el problema.<\/p>\n\n\n\n<div class=\"wp-block-buttons is-content-justification-center is-layout-flex wp-container-core-buttons-is-layout-16018d1d wp-block-buttons-is-layout-flex\">\n<div class=\"wp-block-button\"><a class=\"wp-block-button__link has-white-color has-vivid-red-background-color has-text-color has-background has-link-color wp-element-button\" href=\"https:\/\/balaguergutierrez.es\/index.php\/seguro-de-ciberriesgos\/\">M\u00e1s informaci\u00f3n<\/a><\/div>\n\n\n\n<div class=\"wp-block-button\"><a class=\"wp-block-button__link has-white-color has-vivid-red-background-color has-text-color has-background has-link-color wp-element-button\" href=\"https:\/\/forms.office.com\/e\/460jevE9fx\" target=\"_blank\" rel=\"noreferrer noopener\">Solicita tu Presupuesto<\/a><\/div>\n<\/div>\n\n\n\n<p><\/p>\n","protected":false},"excerpt":{"rendered":"<p>Una nueva realidad para empresas y profesionales. La digitalizaci\u00f3n ha cambiado la forma de trabajar en toda Espa\u00f1a. Facturaci\u00f3n online, reservas por internet, bases de datos de clientes, pagos digitales o acceso remoto al trabajo son ya parte del d\u00eda<\/p>\n","protected":false},"author":1,"featured_media":1351,"comment_status":"closed","ping_status":"closed","sticky":false,"template":"","format":"standard","meta":{"footnotes":""},"categories":[33,45,31,44],"tags":[113,117,120,170,116,107,165],"class_list":["post-1350","post","type-post","status-publish","format-standard","has-post-thumbnail","hentry","category-autonomos","category-seguro-de-ciber-riesgos","category-seguros-para-empresas","category-seguro-de-responsabilidad-civil","tag-autonomos","tag-baleares","tag-ciberriesgos","tag-ciberseguro","tag-palma-de-mallorca","tag-proteccion-de-datos","tag-pymes","","tg-column-third"],"yoast_head":"<!-- This site is optimized with the Yoast SEO plugin v27.4 - https:\/\/yoast.com\/product\/yoast-seo-wordpress\/ -->\n<title>Ciberataques, el riesgo silencioso que amenaza a empresas<\/title>\n<meta name=\"description\" content=\"Seguro de ciberriesgos en Palma de Mallorca y Baleares para empresas y aut\u00f3nomos. Protege tu negocio frente a ciberataques.\" \/>\n<meta name=\"robots\" content=\"index, follow, max-snippet:-1, max-image-preview:large, max-video-preview:-1\" \/>\n<link rel=\"canonical\" href=\"https:\/\/balaguergutierrez.es\/index.php\/2026\/03\/13\/ciberseguro-baleares-empresas\/\" \/>\n<meta property=\"og:locale\" content=\"es_ES\" \/>\n<meta property=\"og:type\" content=\"article\" \/>\n<meta property=\"og:title\" content=\"Ciberataques, el riesgo silencioso que amenaza a empresas\" \/>\n<meta property=\"og:description\" content=\"Seguro de ciberriesgos en Palma de Mallorca y Baleares para empresas y aut\u00f3nomos. Protege tu negocio frente a ciberataques.\" \/>\n<meta property=\"og:url\" content=\"https:\/\/balaguergutierrez.es\/index.php\/2026\/03\/13\/ciberseguro-baleares-empresas\/\" \/>\n<meta property=\"og:site_name\" content=\"balaguergutierrez.es\" \/>\n<meta property=\"article:publisher\" content=\"https:\/\/www.facebook.com\/balaguergutierrezcs\/\" \/>\n<meta property=\"article:published_time\" content=\"2026-03-13T11:00:00+00:00\" \/>\n<meta property=\"og:image\" content=\"https:\/\/balaguergutierrez.es\/wp-content\/uploads\/2026\/03\/ciberseguro-empresas-baleares-2026.webp\" \/>\n\t<meta property=\"og:image:width\" content=\"1536\" \/>\n\t<meta property=\"og:image:height\" content=\"1024\" \/>\n\t<meta property=\"og:image:type\" content=\"image\/webp\" \/>\n<meta name=\"author\" content=\"Balaguer guti\u00e9rrez\" \/>\n<meta name=\"twitter:label1\" content=\"Escrito por\" \/>\n\t<meta name=\"twitter:data1\" content=\"Balaguer guti\u00e9rrez\" \/>\n\t<meta name=\"twitter:label2\" content=\"Tiempo de lectura\" \/>\n\t<meta name=\"twitter:data2\" content=\"3 minutos\" \/>\n<script type=\"application\/ld+json\" class=\"yoast-schema-graph\">{\"@context\":\"https:\\\/\\\/schema.org\",\"@graph\":[{\"@type\":\"Article\",\"@id\":\"https:\\\/\\\/balaguergutierrez.es\\\/index.php\\\/2026\\\/03\\\/13\\\/ciberseguro-baleares-empresas\\\/#article\",\"isPartOf\":{\"@id\":\"https:\\\/\\\/balaguergutierrez.es\\\/index.php\\\/2026\\\/03\\\/13\\\/ciberseguro-baleares-empresas\\\/\"},\"author\":{\"name\":\"Balaguer guti\u00e9rrez\",\"@id\":\"https:\\\/\\\/balaguergutierrez.es\\\/#\\\/schema\\\/person\\\/d9f10607ee7f5a76d713b12c59e16f06\"},\"headline\":\"Ciberataques: el riesgo silencioso que ya amenaza a aut\u00f3nomos y pymes\",\"datePublished\":\"2026-03-13T11:00:00+00:00\",\"mainEntityOfPage\":{\"@id\":\"https:\\\/\\\/balaguergutierrez.es\\\/index.php\\\/2026\\\/03\\\/13\\\/ciberseguro-baleares-empresas\\\/\"},\"wordCount\":495,\"publisher\":{\"@id\":\"https:\\\/\\\/balaguergutierrez.es\\\/#organization\"},\"image\":{\"@id\":\"https:\\\/\\\/balaguergutierrez.es\\\/index.php\\\/2026\\\/03\\\/13\\\/ciberseguro-baleares-empresas\\\/#primaryimage\"},\"thumbnailUrl\":\"https:\\\/\\\/balaguergutierrez.es\\\/wp-content\\\/uploads\\\/2026\\\/03\\\/ciberseguro-empresas-baleares-2026.webp\",\"keywords\":[\"aut\u00f3nomos\",\"Baleares\",\"ciberriesgos\",\"ciberseguro\",\"Palma de Mallorca\",\"protecci\u00f3n de datos\",\"pymes\"],\"articleSection\":[\"Aut\u00f3nomos\",\"Seguro de Ciber-riesgos\",\"Seguro de la Empresa\",\"Seguro de Responsabilidad Civil\"],\"inLanguage\":\"es\"},{\"@type\":\"WebPage\",\"@id\":\"https:\\\/\\\/balaguergutierrez.es\\\/index.php\\\/2026\\\/03\\\/13\\\/ciberseguro-baleares-empresas\\\/\",\"url\":\"https:\\\/\\\/balaguergutierrez.es\\\/index.php\\\/2026\\\/03\\\/13\\\/ciberseguro-baleares-empresas\\\/\",\"name\":\"Ciberataques, el riesgo silencioso que amenaza a empresas\",\"isPartOf\":{\"@id\":\"https:\\\/\\\/balaguergutierrez.es\\\/#website\"},\"primaryImageOfPage\":{\"@id\":\"https:\\\/\\\/balaguergutierrez.es\\\/index.php\\\/2026\\\/03\\\/13\\\/ciberseguro-baleares-empresas\\\/#primaryimage\"},\"image\":{\"@id\":\"https:\\\/\\\/balaguergutierrez.es\\\/index.php\\\/2026\\\/03\\\/13\\\/ciberseguro-baleares-empresas\\\/#primaryimage\"},\"thumbnailUrl\":\"https:\\\/\\\/balaguergutierrez.es\\\/wp-content\\\/uploads\\\/2026\\\/03\\\/ciberseguro-empresas-baleares-2026.webp\",\"datePublished\":\"2026-03-13T11:00:00+00:00\",\"description\":\"Seguro de ciberriesgos en Palma de Mallorca y Baleares para empresas y aut\u00f3nomos. Protege tu negocio frente a ciberataques.\",\"breadcrumb\":{\"@id\":\"https:\\\/\\\/balaguergutierrez.es\\\/index.php\\\/2026\\\/03\\\/13\\\/ciberseguro-baleares-empresas\\\/#breadcrumb\"},\"inLanguage\":\"es\",\"potentialAction\":[{\"@type\":\"ReadAction\",\"target\":[\"https:\\\/\\\/balaguergutierrez.es\\\/index.php\\\/2026\\\/03\\\/13\\\/ciberseguro-baleares-empresas\\\/\"]}]},{\"@type\":\"ImageObject\",\"inLanguage\":\"es\",\"@id\":\"https:\\\/\\\/balaguergutierrez.es\\\/index.php\\\/2026\\\/03\\\/13\\\/ciberseguro-baleares-empresas\\\/#primaryimage\",\"url\":\"https:\\\/\\\/balaguergutierrez.es\\\/wp-content\\\/uploads\\\/2026\\\/03\\\/ciberseguro-empresas-baleares-2026.webp\",\"contentUrl\":\"https:\\\/\\\/balaguergutierrez.es\\\/wp-content\\\/uploads\\\/2026\\\/03\\\/ciberseguro-empresas-baleares-2026.webp\",\"width\":1536,\"height\":1024,\"caption\":\"Profesional trabajando en ordenador con alerta de ciberseguridad en oficina de Palma\"},{\"@type\":\"BreadcrumbList\",\"@id\":\"https:\\\/\\\/balaguergutierrez.es\\\/index.php\\\/2026\\\/03\\\/13\\\/ciberseguro-baleares-empresas\\\/#breadcrumb\",\"itemListElement\":[{\"@type\":\"ListItem\",\"position\":1,\"name\":\"Portada\",\"item\":\"https:\\\/\\\/balaguergutierrez.es\\\/\"},{\"@type\":\"ListItem\",\"position\":2,\"name\":\"Ciberataques: el riesgo silencioso que ya amenaza a aut\u00f3nomos y pymes\"}]},{\"@type\":\"WebSite\",\"@id\":\"https:\\\/\\\/balaguergutierrez.es\\\/#website\",\"url\":\"https:\\\/\\\/balaguergutierrez.es\\\/\",\"name\":\"Balaguer & Guti\u00e9rrez, Corredur\u00eda de Seguros\",\"description\":\"Aseguramos lo que de verdad importa\",\"publisher\":{\"@id\":\"https:\\\/\\\/balaguergutierrez.es\\\/#organization\"},\"potentialAction\":[{\"@type\":\"SearchAction\",\"target\":{\"@type\":\"EntryPoint\",\"urlTemplate\":\"https:\\\/\\\/balaguergutierrez.es\\\/?s={search_term_string}\"},\"query-input\":{\"@type\":\"PropertyValueSpecification\",\"valueRequired\":true,\"valueName\":\"search_term_string\"}}],\"inLanguage\":\"es\"},{\"@type\":\"Organization\",\"@id\":\"https:\\\/\\\/balaguergutierrez.es\\\/#organization\",\"name\":\"Balaguer & Guti\u00e9rrez SL\",\"url\":\"https:\\\/\\\/balaguergutierrez.es\\\/\",\"logo\":{\"@type\":\"ImageObject\",\"inLanguage\":\"es\",\"@id\":\"https:\\\/\\\/balaguergutierrez.es\\\/#\\\/schema\\\/logo\\\/image\\\/\",\"url\":\"https:\\\/\\\/balaguergutierrez.es\\\/wp-content\\\/uploads\\\/2023\\\/03\\\/bg2014-Personalizado-1.png\",\"contentUrl\":\"https:\\\/\\\/balaguergutierrez.es\\\/wp-content\\\/uploads\\\/2023\\\/03\\\/bg2014-Personalizado-1.png\",\"width\":300,\"height\":56,\"caption\":\"Balaguer & Guti\u00e9rrez SL\"},\"image\":{\"@id\":\"https:\\\/\\\/balaguergutierrez.es\\\/#\\\/schema\\\/logo\\\/image\\\/\"},\"sameAs\":[\"https:\\\/\\\/www.facebook.com\\\/balaguergutierrezcs\\\/\",\"https:\\\/\\\/www.instagram.com\\\/balaguergutierrezsl\\\/\"]},{\"@type\":\"Person\",\"@id\":\"https:\\\/\\\/balaguergutierrez.es\\\/#\\\/schema\\\/person\\\/d9f10607ee7f5a76d713b12c59e16f06\",\"name\":\"Balaguer guti\u00e9rrez\",\"sameAs\":[\"https:\\\/\\\/balaguergutierrez.es\"],\"url\":\"https:\\\/\\\/balaguergutierrez.es\\\/index.php\\\/author\\\/root_jz69qmt7\\\/\"}]}<\/script>\n<!-- \/ Yoast SEO plugin. -->","yoast_head_json":{"title":"Ciberataques, el riesgo silencioso que amenaza a empresas","description":"Seguro de ciberriesgos en Palma de Mallorca y Baleares para empresas y aut\u00f3nomos. Protege tu negocio frente a ciberataques.","robots":{"index":"index","follow":"follow","max-snippet":"max-snippet:-1","max-image-preview":"max-image-preview:large","max-video-preview":"max-video-preview:-1"},"canonical":"https:\/\/balaguergutierrez.es\/index.php\/2026\/03\/13\/ciberseguro-baleares-empresas\/","og_locale":"es_ES","og_type":"article","og_title":"Ciberataques, el riesgo silencioso que amenaza a empresas","og_description":"Seguro de ciberriesgos en Palma de Mallorca y Baleares para empresas y aut\u00f3nomos. Protege tu negocio frente a ciberataques.","og_url":"https:\/\/balaguergutierrez.es\/index.php\/2026\/03\/13\/ciberseguro-baleares-empresas\/","og_site_name":"balaguergutierrez.es","article_publisher":"https:\/\/www.facebook.com\/balaguergutierrezcs\/","article_published_time":"2026-03-13T11:00:00+00:00","og_image":[{"width":1536,"height":1024,"url":"https:\/\/balaguergutierrez.es\/wp-content\/uploads\/2026\/03\/ciberseguro-empresas-baleares-2026.webp","type":"image\/webp"}],"author":"Balaguer guti\u00e9rrez","twitter_misc":{"Escrito por":"Balaguer guti\u00e9rrez","Tiempo de lectura":"3 minutos"},"schema":{"@context":"https:\/\/schema.org","@graph":[{"@type":"Article","@id":"https:\/\/balaguergutierrez.es\/index.php\/2026\/03\/13\/ciberseguro-baleares-empresas\/#article","isPartOf":{"@id":"https:\/\/balaguergutierrez.es\/index.php\/2026\/03\/13\/ciberseguro-baleares-empresas\/"},"author":{"name":"Balaguer guti\u00e9rrez","@id":"https:\/\/balaguergutierrez.es\/#\/schema\/person\/d9f10607ee7f5a76d713b12c59e16f06"},"headline":"Ciberataques: el riesgo silencioso que ya amenaza a aut\u00f3nomos y pymes","datePublished":"2026-03-13T11:00:00+00:00","mainEntityOfPage":{"@id":"https:\/\/balaguergutierrez.es\/index.php\/2026\/03\/13\/ciberseguro-baleares-empresas\/"},"wordCount":495,"publisher":{"@id":"https:\/\/balaguergutierrez.es\/#organization"},"image":{"@id":"https:\/\/balaguergutierrez.es\/index.php\/2026\/03\/13\/ciberseguro-baleares-empresas\/#primaryimage"},"thumbnailUrl":"https:\/\/balaguergutierrez.es\/wp-content\/uploads\/2026\/03\/ciberseguro-empresas-baleares-2026.webp","keywords":["aut\u00f3nomos","Baleares","ciberriesgos","ciberseguro","Palma de Mallorca","protecci\u00f3n de datos","pymes"],"articleSection":["Aut\u00f3nomos","Seguro de Ciber-riesgos","Seguro de la Empresa","Seguro de Responsabilidad Civil"],"inLanguage":"es"},{"@type":"WebPage","@id":"https:\/\/balaguergutierrez.es\/index.php\/2026\/03\/13\/ciberseguro-baleares-empresas\/","url":"https:\/\/balaguergutierrez.es\/index.php\/2026\/03\/13\/ciberseguro-baleares-empresas\/","name":"Ciberataques, el riesgo silencioso que amenaza a empresas","isPartOf":{"@id":"https:\/\/balaguergutierrez.es\/#website"},"primaryImageOfPage":{"@id":"https:\/\/balaguergutierrez.es\/index.php\/2026\/03\/13\/ciberseguro-baleares-empresas\/#primaryimage"},"image":{"@id":"https:\/\/balaguergutierrez.es\/index.php\/2026\/03\/13\/ciberseguro-baleares-empresas\/#primaryimage"},"thumbnailUrl":"https:\/\/balaguergutierrez.es\/wp-content\/uploads\/2026\/03\/ciberseguro-empresas-baleares-2026.webp","datePublished":"2026-03-13T11:00:00+00:00","description":"Seguro de ciberriesgos en Palma de Mallorca y Baleares para empresas y aut\u00f3nomos. Protege tu negocio frente a ciberataques.","breadcrumb":{"@id":"https:\/\/balaguergutierrez.es\/index.php\/2026\/03\/13\/ciberseguro-baleares-empresas\/#breadcrumb"},"inLanguage":"es","potentialAction":[{"@type":"ReadAction","target":["https:\/\/balaguergutierrez.es\/index.php\/2026\/03\/13\/ciberseguro-baleares-empresas\/"]}]},{"@type":"ImageObject","inLanguage":"es","@id":"https:\/\/balaguergutierrez.es\/index.php\/2026\/03\/13\/ciberseguro-baleares-empresas\/#primaryimage","url":"https:\/\/balaguergutierrez.es\/wp-content\/uploads\/2026\/03\/ciberseguro-empresas-baleares-2026.webp","contentUrl":"https:\/\/balaguergutierrez.es\/wp-content\/uploads\/2026\/03\/ciberseguro-empresas-baleares-2026.webp","width":1536,"height":1024,"caption":"Profesional trabajando en ordenador con alerta de ciberseguridad en oficina de Palma"},{"@type":"BreadcrumbList","@id":"https:\/\/balaguergutierrez.es\/index.php\/2026\/03\/13\/ciberseguro-baleares-empresas\/#breadcrumb","itemListElement":[{"@type":"ListItem","position":1,"name":"Portada","item":"https:\/\/balaguergutierrez.es\/"},{"@type":"ListItem","position":2,"name":"Ciberataques: el riesgo silencioso que ya amenaza a aut\u00f3nomos y pymes"}]},{"@type":"WebSite","@id":"https:\/\/balaguergutierrez.es\/#website","url":"https:\/\/balaguergutierrez.es\/","name":"Balaguer & Guti\u00e9rrez, Corredur\u00eda de Seguros","description":"Aseguramos lo que de verdad importa","publisher":{"@id":"https:\/\/balaguergutierrez.es\/#organization"},"potentialAction":[{"@type":"SearchAction","target":{"@type":"EntryPoint","urlTemplate":"https:\/\/balaguergutierrez.es\/?s={search_term_string}"},"query-input":{"@type":"PropertyValueSpecification","valueRequired":true,"valueName":"search_term_string"}}],"inLanguage":"es"},{"@type":"Organization","@id":"https:\/\/balaguergutierrez.es\/#organization","name":"Balaguer & Guti\u00e9rrez SL","url":"https:\/\/balaguergutierrez.es\/","logo":{"@type":"ImageObject","inLanguage":"es","@id":"https:\/\/balaguergutierrez.es\/#\/schema\/logo\/image\/","url":"https:\/\/balaguergutierrez.es\/wp-content\/uploads\/2023\/03\/bg2014-Personalizado-1.png","contentUrl":"https:\/\/balaguergutierrez.es\/wp-content\/uploads\/2023\/03\/bg2014-Personalizado-1.png","width":300,"height":56,"caption":"Balaguer & Guti\u00e9rrez SL"},"image":{"@id":"https:\/\/balaguergutierrez.es\/#\/schema\/logo\/image\/"},"sameAs":["https:\/\/www.facebook.com\/balaguergutierrezcs\/","https:\/\/www.instagram.com\/balaguergutierrezsl\/"]},{"@type":"Person","@id":"https:\/\/balaguergutierrez.es\/#\/schema\/person\/d9f10607ee7f5a76d713b12c59e16f06","name":"Balaguer guti\u00e9rrez","sameAs":["https:\/\/balaguergutierrez.es"],"url":"https:\/\/balaguergutierrez.es\/index.php\/author\/root_jz69qmt7\/"}]}},"_links":{"self":[{"href":"https:\/\/balaguergutierrez.es\/index.php\/wp-json\/wp\/v2\/posts\/1350","targetHints":{"allow":["GET"]}}],"collection":[{"href":"https:\/\/balaguergutierrez.es\/index.php\/wp-json\/wp\/v2\/posts"}],"about":[{"href":"https:\/\/balaguergutierrez.es\/index.php\/wp-json\/wp\/v2\/types\/post"}],"author":[{"embeddable":true,"href":"https:\/\/balaguergutierrez.es\/index.php\/wp-json\/wp\/v2\/users\/1"}],"replies":[{"embeddable":true,"href":"https:\/\/balaguergutierrez.es\/index.php\/wp-json\/wp\/v2\/comments?post=1350"}],"version-history":[{"count":1,"href":"https:\/\/balaguergutierrez.es\/index.php\/wp-json\/wp\/v2\/posts\/1350\/revisions"}],"predecessor-version":[{"id":1352,"href":"https:\/\/balaguergutierrez.es\/index.php\/wp-json\/wp\/v2\/posts\/1350\/revisions\/1352"}],"wp:featuredmedia":[{"embeddable":true,"href":"https:\/\/balaguergutierrez.es\/index.php\/wp-json\/wp\/v2\/media\/1351"}],"wp:attachment":[{"href":"https:\/\/balaguergutierrez.es\/index.php\/wp-json\/wp\/v2\/media?parent=1350"}],"wp:term":[{"taxonomy":"category","embeddable":true,"href":"https:\/\/balaguergutierrez.es\/index.php\/wp-json\/wp\/v2\/categories?post=1350"},{"taxonomy":"post_tag","embeddable":true,"href":"https:\/\/balaguergutierrez.es\/index.php\/wp-json\/wp\/v2\/tags?post=1350"}],"curies":[{"name":"wp","href":"https:\/\/api.w.org\/{rel}","templated":true}]}}